{"id":1098,"date":"2016-01-14T11:06:00","date_gmt":"2016-01-14T10:06:00","guid":{"rendered":"http:\/\/wptestsite.tecnavia.com\/chiesedisicilia_clientsite\/news\/2016\/01\/14\/acireale-giornalisti-incontro-con-marco-tarquinio-e-messa\/"},"modified":"2018-11-09T10:52:57","modified_gmt":"2018-01-13T10:52:57","slug":"acireale-giornalisti-incontro-con-marco-tarquinio-e-messa","status":"publish","type":"post","link":"https:\/\/www.chiesedisicilia.org\/2016\/01\/14\/acireale-giornalisti-incontro-con-marco-tarquinio-e-messa\/","title":{"rendered":"ACIREALE. GIORNALISTI: INCONTRO CON MARCO TARQUINIO E MESSA"},"content":{"rendered":"<div><span style=\"font-size: 12pt; font-family: 'Times New Roman', serif;\"><span style=\"font-size: medium;\"><span style=\"font-family: 'Times New Roman';\">Anche quest\u2019anno, ad Acireale, la festa di San Francesco di Sales, patrono dei giornalisti, diventa occasione per ritrovarci insieme e condividere un momento di formazione e di liturgia per sostenere il prezioso e delicato lavoro di chi opera nel campo dell\u2019informazione. <\/span><\/span><o:p><\/o:p><\/span><\/div>\n<div><span style=\"font-size: medium;\"><span style=\"font-family: 'Times New Roman';\">Come gi\u00e0 fatto l\u2019anno scorso, viene proposta una riflessione sul ruolo della comunicazione e dell\u2019informazione non solo per gli addetti ai lavori, ma coinvolga anche le associazioni dell\u2019Azione Cattolica e del MEIC della diocesi. I momenti in programma sono due:<\/span><\/span><span style=\"font-size: 12pt; font-family: 'Times New Roman', serif;\"><o:p><\/o:p><\/span><\/div>\n<div><span style=\"font-size: medium;\"><span style=\"font-family: 'Times New Roman';\">&#8211; venerd\u00ec 22 gennaio 2016, alle ore 17.30 l&#8217;incontro nella sala teatro della parrocchia San Paolo Apostolo in Acireale sul tema \u201cPer un futuro di pace. Il contributo della comunicazione\u201d sul quale interverr\u00e0 Marco Tarquinio, direttore del quotidiano Avvenire. L&#8217;incontro \u00e8 valido per acquisire crediti validi ai fini dell&#8217;aggiornamento dei giornalisti. Nell&#8217;occasione sar\u00e0 assegnato il &#8220;Premio Vito Finocchiaro&#8221;, a cura dell&#8217;Associazione della Stampa Jonico-Etnea. <\/span><\/span><span style=\"font-size: 12pt; font-family: 'Times New Roman', serif;\"><o:p><\/o:p><\/span><\/div>\n<div><span style=\"font-size: medium;\"><span style=\"font-family: 'Times New Roman';\">&#8722; domenica 24 gennaio, alle ore 18.00, la celebrazione eucaristica per fare memoria di San Francesco di Sales, patrono dei giornalisti, nella chiesa della parrocchia Sacro Cuore di Ges\u00f9 in Acireale. [01]\u00a0<\/span><\/span><span style=\"font-size: 12pt; font-family: 'Times New Roman', serif;\"><o:p><\/o:p><\/span><\/div>\n","protected":false},"excerpt":{"rendered":"","protected":false},"author":1,"featured_media":0,"comment_status":"open","ping_status":"open","sticky":false,"template":"","format":"standard","meta":[],"categories":[30],"tags":[],"news-destination":[],"news-source":[],"is_homepage":[],"ta_other":[],"_links":{"self":[{"href":"https:\/\/www.chiesedisicilia.org\/chiesedisicilia\/news\/wp-json\/wp\/v2\/posts\/1098"}],"collection":[{"href":"https:\/\/www.chiesedisicilia.org\/chiesedisicilia\/news\/wp-json\/wp\/v2\/posts"}],"about":[{"href":"https:\/\/www.chiesedisicilia.org\/chiesedisicilia\/news\/wp-json\/wp\/v2\/types\/post"}],"author":[{"embeddable":true,"href":"https:\/\/www.chiesedisicilia.org\/chiesedisicilia\/news\/wp-json\/wp\/v2\/users\/1"}],"replies":[{"embeddable":true,"href":"https:\/\/www.chiesedisicilia.org\/chiesedisicilia\/news\/wp-json\/wp\/v2\/comments?post=1098"}],"version-history":[{"count":1,"href":"https:\/\/www.chiesedisicilia.org\/chiesedisicilia\/news\/wp-json\/wp\/v2\/posts\/1098\/revisions"}],"predecessor-version":[{"id":19581,"href":"https:\/\/www.chiesedisicilia.org\/chiesedisicilia\/news\/wp-json\/wp\/v2\/posts\/1098\/revisions\/19581"}],"wp:attachment":[{"href":"https:\/\/www.chiesedisicilia.org\/chiesedisicilia\/news\/wp-json\/wp\/v2\/media?parent=1098"}],"wp:term":[{"taxonomy":"category","embeddable":true,"href":"https:\/\/www.chiesedisicilia.org\/chiesedisicilia\/news\/wp-json\/wp\/v2\/categories?post=1098"},{"taxonomy":"post_tag","embeddable":true,"href":"https:\/\/www.chiesedisicilia.org\/chiesedisicilia\/news\/wp-json\/wp\/v2\/tags?post=1098"},{"taxonomy":"news-destination","embeddable":true,"href":"https:\/\/www.chiesedisicilia.org\/chiesedisicilia\/news\/wp-json\/wp\/v2\/news-destination?post=1098"},{"taxonomy":"news-source","embeddable":true,"href":"https:\/\/www.chiesedisicilia.org\/chiesedisicilia\/news\/wp-json\/wp\/v2\/news-source?post=1098"},{"taxonomy":"is_homepage","embeddable":true,"href":"https:\/\/www.chiesedisicilia.org\/chiesedisicilia\/news\/wp-json\/wp\/v2\/is_homepage?post=1098"},{"taxonomy":"ta_other","embeddable":true,"href":"https:\/\/www.chiesedisicilia.org\/chiesedisicilia\/news\/wp-json\/wp\/v2\/ta_other?post=1098"}],"curies":[{"name":"wp","href":"https:\/\/api.w.org\/{rel}","templated":true}]}}