{"id":10911,"date":"2019-12-10T17:56:15","date_gmt":"2019-12-10T16:56:15","guid":{"rendered":"http:\/\/www.chiesedisicilia.org\/chiesedisicilia\/?p=10911"},"modified":"2019-12-10T18:00:33","modified_gmt":"2019-02-13T18:00:33","slug":"da-questo-vi-riconosceranno-comunita-chiamate-alla-testimonianza-della-carita-convegno-diocesano","status":"publish","type":"post","link":"https:\/\/www.chiesedisicilia.org\/2019\/12\/10\/da-questo-vi-riconosceranno-comunita-chiamate-alla-testimonianza-della-carita-convegno-diocesano\/","title":{"rendered":"&#8220;DA QUESTO VI RICONOSCERANNO. COMUNITA&#8217; CHIAMATE ALLA TESTIMONIANZA DELLA CARITA'&#8221;: CONVEGNO DIOCESANO"},"content":{"rendered":"<p>&#8220;Da questo vi riconosceranno. Comunit\u00e0 chiamate alla testimonianza della carit\u00e0&#8221; \u00e8 il titolo della quarta edizione del Convegno\u00a0Caritas diocesana di Messina. Si svolger\u00e0 sabato 28 dicembre 2019, alle ore 09.30, presso l&#8217;Auditorium Mons. Fasola, in Via S. Filippo Bianchi, nella citt\u00e0 dello Stretto. Dopo i saluti del direttore diocesano della Caritas, don Nino Basile, e dell&#8217;arcivescovo mons. Giovanni Accolla che in Conferenza episcopale siciliana ha la delega per la Carit\u00e0, i lavori si apriranno con la\u00a0Lectio divina\u00a0guidata da suor\u00a0Michela Refatto, delle suore Francescane dei Poveri.<\/p>\n<p>Sar\u00e0 il card.\u00a0Francesco Montenegro, arcivescovo metropolita di Agrigento, ad aiutare nella riflessione quanti prenderanno parte ai lavori, partendo dalla sua esperienza nella Caritas locale e nazionale.Le conclusioni saranno affidate al direttore dell\u2019Ufficio catechistico diocesano, don\u00a0Giuseppe Lonia, che, alla luce di quanto sar\u00e0 offerto nella mattinata, aiuter\u00e0 a riconoscere il ruolo delle Caritas parrocchiali nell\u2019animare la comunit\u00e0 ecclesiale e renderla soggetto e luogo della testimonianza della carit\u00e0, in cui rendere possibile il passaggio ad una pastorale in stile catecumenale.<\/p>\n<p>&#8220;<em>Il Convegno segna la terza tappa del percorso avviato durante la settimana di preparazione alla III Giornata Mondiale dei Poveri, con l\u2019obiettivo di riscoprire il valore profetico del metodo che la Caritas si \u00e8 data sin dal suo nascere:\u00a0ascoltare, osservare e discernere\u2026 per animare, agire. La Caritas<\/em> &#8211; spiegano dalla Caritas &#8211;<em>, sempre a partire dai poveri, \u00e8 chiamata a discernere per agire in due direzioni: sensibilizzare e convertire la comunit\u00e0 ecclesiale a creare le condizioni per una nuova politica e un cambiamento sociale. Si tratta, in poche parole, di promuovere forme progressive e diffuse di responsabilit\u00e0 e impegno&#8221;<\/em>.<\/p>\n","protected":false},"excerpt":{"rendered":"","protected":false},"author":4,"featured_media":10912,"comment_status":"closed","ping_status":"closed","sticky":false,"template":"","format":"standard","meta":[],"categories":[30],"tags":[696,255],"news-destination":[],"news-source":[],"is_homepage":[],"ta_other":[],"_links":{"self":[{"href":"https:\/\/www.chiesedisicilia.org\/chiesedisicilia\/news\/wp-json\/wp\/v2\/posts\/10911"}],"collection":[{"href":"https:\/\/www.chiesedisicilia.org\/chiesedisicilia\/news\/wp-json\/wp\/v2\/posts"}],"about":[{"href":"https:\/\/www.chiesedisicilia.org\/chiesedisicilia\/news\/wp-json\/wp\/v2\/types\/post"}],"author":[{"embeddable":true,"href":"https:\/\/www.chiesedisicilia.org\/chiesedisicilia\/news\/wp-json\/wp\/v2\/users\/4"}],"replies":[{"embeddable":true,"href":"https:\/\/www.chiesedisicilia.org\/chiesedisicilia\/news\/wp-json\/wp\/v2\/comments?post=10911"}],"version-history":[{"count":1,"href":"https:\/\/www.chiesedisicilia.org\/chiesedisicilia\/news\/wp-json\/wp\/v2\/posts\/10911\/revisions"}],"predecessor-version":[{"id":10913,"href":"https:\/\/www.chiesedisicilia.org\/chiesedisicilia\/news\/wp-json\/wp\/v2\/posts\/10911\/revisions\/10913"}],"wp:featuredmedia":[{"embeddable":true,"href":"https:\/\/www.chiesedisicilia.org\/chiesedisicilia\/news\/wp-json\/wp\/v2\/media\/10912"}],"wp:attachment":[{"href":"https:\/\/www.chiesedisicilia.org\/chiesedisicilia\/news\/wp-json\/wp\/v2\/media?parent=10911"}],"wp:term":[{"taxonomy":"category","embeddable":true,"href":"https:\/\/www.chiesedisicilia.org\/chiesedisicilia\/news\/wp-json\/wp\/v2\/categories?post=10911"},{"taxonomy":"post_tag","embeddable":true,"href":"https:\/\/www.chiesedisicilia.org\/chiesedisicilia\/news\/wp-json\/wp\/v2\/tags?post=10911"},{"taxonomy":"news-destination","embeddable":true,"href":"https:\/\/www.chiesedisicilia.org\/chiesedisicilia\/news\/wp-json\/wp\/v2\/news-destination?post=10911"},{"taxonomy":"news-source","embeddable":true,"href":"https:\/\/www.chiesedisicilia.org\/chiesedisicilia\/news\/wp-json\/wp\/v2\/news-source?post=10911"},{"taxonomy":"is_homepage","embeddable":true,"href":"https:\/\/www.chiesedisicilia.org\/chiesedisicilia\/news\/wp-json\/wp\/v2\/is_homepage?post=10911"},{"taxonomy":"ta_other","embeddable":true,"href":"https:\/\/www.chiesedisicilia.org\/chiesedisicilia\/news\/wp-json\/wp\/v2\/ta_other?post=10911"}],"curies":[{"name":"wp","href":"https:\/\/api.w.org\/{rel}","templated":true}]}}