{"id":10809,"date":"2019-11-27T07:47:49","date_gmt":"2019-11-27T06:47:49","guid":{"rendered":"http:\/\/www.chiesedisicilia.org\/chiesedisicilia\/?p=10809"},"modified":"2019-11-27T07:47:50","modified_gmt":"2019-01-31T07:47:50","slug":"il-sovra-indebitamento-aspetti-sociali-economici-e-giuridici","status":"publish","type":"post","link":"https:\/\/www.chiesedisicilia.org\/2019\/11\/27\/il-sovra-indebitamento-aspetti-sociali-economici-e-giuridici\/","title":{"rendered":"&#8220;IL SOVRA-INDEBITAMENTO: ASPETTI SOCIALI, ECONOMICI E GIURIDICI&#8221;"},"content":{"rendered":"<p>Si \u00e8 svolto marted\u00ec 26 novembre\u00a0nella Sala Chiaramontana del Seminario di Agrigento\u00a0il convegno dal titolo \u201cIl sovra-indebitamento: aspetti sociali, economici e giuridici\u201d e, contestualmente, la presentazione dell\u2019Organismo di Composizione della Crisi da sovra-indebitamento, organizzato dall\u2019ordine dei dottori commercialisti di Agrigento, il Centro per la Carit\u00e0 dell\u2019Arcidiocesi di Agrigento e la Fondazione Mondoaltro.<\/p>\n<p>L\u2019organismo rappresenta l\u2019impegno dei commercialisti a farsi carico di un bisogno sociale di ampie proporzioni, mettendo a servizio degli utenti professionalit\u00e0 e competenza. &#8220;<em>Il sovra-indebitamento<\/em> \u2013 spiega <strong>Paola Giacalone, presidente dell\u2019Ordine dei dottori commercialisti di Agrigento<\/strong> \u2013 <em>svolge un\u2019importante funzione sociale sotto un duplice profilo, ridare dignit\u00e0 alle persone, che per svariati motivi, si ritrovano in condizioni difficili e permettere ai soggetti sovra-indebitati, liberi dai debiti, di ricominciare ad avere un ruolo attivo nella societ\u00e0, contribuendo alla ripresa del Paese. La legge 3\/2012 rappresenta anche un concreto aiuto a sostegno della legalit\u00e0, nasce infatti, come strumento per contrastare l\u2019usura, spesso ultima spiaggia per i malcapitati<\/em>&#8220;.<\/p>\n<p>&#8220;<em>Il problema del sovra-indebitamento<\/em> &#8211; spiega <strong>Valerio Landri, direttore del Centro per la Carit\u00e0 dell\u2019Arcidiocesi di Agrigento<\/strong> \u2013 <em>ha assunto oggi una tale rilevanza da richiedere strumenti sempre pi\u00f9 efficaci. Si ha ancora molta vergogna nel dichiarare la reale entit\u00e0 dello stato debitorio della propria famiglia, proprio perch\u00e9 il sovra-indebitato \u00e8 generalmente una persona che prima povero non era, che non accetta uno stato di povert\u00e0 imprevista, che percepisce il rischio di veder crollare un mondo costruito faticosamente e che ha \u2013 quando si rivolge a Caritas \u2013 la chiara consapevolezza che le porte del credito bancario sono ormai chiuse: restano poche strade da percorrere, quasi tutte sbagliate! Sapere che chi si trova in una condizione di sovra-indebitamento potr\u00e0 oggi contare sulla competenza professionale degli Organismi di Composizione della Crisi ci fa ben sperare e ci solleva<\/em>\u00bb.<\/p>\n","protected":false},"excerpt":{"rendered":"","protected":false},"author":4,"featured_media":10810,"comment_status":"closed","ping_status":"closed","sticky":false,"template":"","format":"standard","meta":[],"categories":[30],"tags":[119,679],"news-destination":[],"news-source":[],"is_homepage":[],"ta_other":[],"_links":{"self":[{"href":"https:\/\/www.chiesedisicilia.org\/chiesedisicilia\/news\/wp-json\/wp\/v2\/posts\/10809"}],"collection":[{"href":"https:\/\/www.chiesedisicilia.org\/chiesedisicilia\/news\/wp-json\/wp\/v2\/posts"}],"about":[{"href":"https:\/\/www.chiesedisicilia.org\/chiesedisicilia\/news\/wp-json\/wp\/v2\/types\/post"}],"author":[{"embeddable":true,"href":"https:\/\/www.chiesedisicilia.org\/chiesedisicilia\/news\/wp-json\/wp\/v2\/users\/4"}],"replies":[{"embeddable":true,"href":"https:\/\/www.chiesedisicilia.org\/chiesedisicilia\/news\/wp-json\/wp\/v2\/comments?post=10809"}],"version-history":[{"count":1,"href":"https:\/\/www.chiesedisicilia.org\/chiesedisicilia\/news\/wp-json\/wp\/v2\/posts\/10809\/revisions"}],"predecessor-version":[{"id":10811,"href":"https:\/\/www.chiesedisicilia.org\/chiesedisicilia\/news\/wp-json\/wp\/v2\/posts\/10809\/revisions\/10811"}],"wp:featuredmedia":[{"embeddable":true,"href":"https:\/\/www.chiesedisicilia.org\/chiesedisicilia\/news\/wp-json\/wp\/v2\/media\/10810"}],"wp:attachment":[{"href":"https:\/\/www.chiesedisicilia.org\/chiesedisicilia\/news\/wp-json\/wp\/v2\/media?parent=10809"}],"wp:term":[{"taxonomy":"category","embeddable":true,"href":"https:\/\/www.chiesedisicilia.org\/chiesedisicilia\/news\/wp-json\/wp\/v2\/categories?post=10809"},{"taxonomy":"post_tag","embeddable":true,"href":"https:\/\/www.chiesedisicilia.org\/chiesedisicilia\/news\/wp-json\/wp\/v2\/tags?post=10809"},{"taxonomy":"news-destination","embeddable":true,"href":"https:\/\/www.chiesedisicilia.org\/chiesedisicilia\/news\/wp-json\/wp\/v2\/news-destination?post=10809"},{"taxonomy":"news-source","embeddable":true,"href":"https:\/\/www.chiesedisicilia.org\/chiesedisicilia\/news\/wp-json\/wp\/v2\/news-source?post=10809"},{"taxonomy":"is_homepage","embeddable":true,"href":"https:\/\/www.chiesedisicilia.org\/chiesedisicilia\/news\/wp-json\/wp\/v2\/is_homepage?post=10809"},{"taxonomy":"ta_other","embeddable":true,"href":"https:\/\/www.chiesedisicilia.org\/chiesedisicilia\/news\/wp-json\/wp\/v2\/ta_other?post=10809"}],"curies":[{"name":"wp","href":"https:\/\/api.w.org\/{rel}","templated":true}]}}