{"id":10693,"date":"2019-11-12T17:56:14","date_gmt":"2019-11-12T16:56:14","guid":{"rendered":"http:\/\/www.chiesedisicilia.org\/chiesedisicilia\/?p=10693"},"modified":"2019-11-12T17:56:16","modified_gmt":"2019-01-16T17:56:16","slug":"giornata-dei-poveri-tra-spiritualita-cultura-e-formazione","status":"publish","type":"post","link":"https:\/\/www.chiesedisicilia.org\/2019\/11\/12\/giornata-dei-poveri-tra-spiritualita-cultura-e-formazione\/","title":{"rendered":"GIORNATA DEI POVERI, TRA SPIRITUALITA&#8217;, CULTURA E FORMAZIONE"},"content":{"rendered":"<p>La Caritas diocesana di Messina, in collaborazione con altre realt\u00e0 territoriali, propone alcune &#8220;<em>iniziative di carattere spirituale, culturale, formativo, per maturare la sensibilit\u00e0 nei confronti dei poveri, che gi\u00e0 caratterizza le nostre comunit\u00e0, e per favorire un cambiamento di mentalit\u00e0 riscoprendo l\u2019essenziale<\/em>&#8220;.<\/p>\n<p>Una nota stampa cos\u00ec spiega: &#8220;<em>La speranza dei poveri non sar\u00e0 mai delusa&#8221; (Sal 9,19) \u00e8 il titolo al Messaggio con cui il Papa quest\u2019anno ribadisce come\u00a0i poveri siano il frutto sempre pi\u00f9 numeroso di una societ\u00e0 dai forti squilibri che costruisce muri e sbarra ingressi e che vorrebbe sbarazzarsi di loro. Oggi, come ai tempi in cui \u00e8 stato composto il Salmo, un \u201cgran sviluppo economico\u201d ha generato una sperequazione tale da arricchire gruppi di persone a scapito di una massa resa sempre pi\u00f9 povera. Francesco ci propone di lasciare per un giorno le statistiche;\u00a0\u00abi poveri non sono numeri a cui appellarsi per vantare opere e progetti. I poveri sono persone a cui andare incontro: sono giovani e anziani soli da invitare a casa per condividere il pasto; uomini, donne e bambini che attendono una parola amica. I poveri ci salvano perch\u00e9 ci permettono di incontrare il volto di Ges\u00f9 Cristo<\/em>\u00bb&#8221;.<\/p>\n<p>Il programma della Caritas di Messina prevede:<\/p>\n<p><strong>Marted\u00ec 12, alle ore 17.30:<\/strong>\u00a0\u201cUNA COMUNIT\u00c0 CHE ASCOLTA\u201d<\/p>\n<p>Presso la Parrocchia della Trasfigurazione (Milazzo) intervengono: padre Nino Basile; Don Carmelo Russo \u2013 Biblista; Dott. Giovanni Utano \u2013 Psicoterapeuta, dirigente Ser.D. &#8211; Milazzo<\/p>\n<p>&nbsp;<\/p>\n<p><strong>Mercoled\u00ec 13, alle ore 9.30:<\/strong>\u00a0\u201cVITE IN GIOCO\u201d<\/p>\n<p>Incontro organizzato in collaborazione con il gruppo messinese \u201cMettiamoci in gioco\u201d presso la Sede della Caritas in Via Emilia, 19. Intervengono: don Armando Zappolini \u2013 Portavoce nazionale della campagna \u201cMettiamoci in gioco\u201d \u2013 \u201cL\u2019azzardo: dalle storie di dipendenza alle strategie per combatterlo\u201d; Dott. Roberto Motta \u2013 psichiatra psicoterapeuta, gi\u00e0 direttore del DSM Messina nord \u201cDipendenze e Salute Mentale cause ed effetti\u201d<\/p>\n<p>&nbsp;<\/p>\n<p><strong>Gioved\u00ec 14, alle ore 18.30:<\/strong>\u00a0Veglia serale \u201cLA SPERANZA DEI POVERI NON SAR\u00c0 MAI DELUSA\u201d<\/p>\n<p>A cura del Coordinamento Servizio Strada presso la Cappella della Caritas diocesana in Via Emilia, 19<\/p>\n<p>&nbsp;<\/p>\n<p><strong>Venerd\u00ec 15, alle ore 17.30:<\/strong>\u00a0\u201cUNA COMUNIT\u00c0 CHE OSSERVA\u201d<\/p>\n<p>Presso \u201cLa Filanda\u201d in Roccalumera, con il gratuito patrocinio del Comune di Roccalumera, intervengono: padre Nino Basile; Mons. Carmelo Lup\u00f2 \u2013 Biblista; Dott. Filippo Santoro \u2013 Tesoriere Ordine Professionale degli Assistenti Sociali della Regione Sicilia.<\/p>\n<p>&nbsp;<\/p>\n<p><strong>Sabato 16<\/strong>\u00a0Conferenza stampa al Museo regionale di Messina per presentare il \u201cPranzo del 29 dicembre\u201d e l\u2019iniziativa \u201cBiglietto sospeso\u201d<\/p>\n<p>&nbsp;<\/p>\n<p><strong>Domenica 17,\u00a0<\/strong>Giornata mondiale dei Poveri 2019<\/p>\n<p>Celebrazione in tutte le parrocchie e le comunit\u00e0;<\/p>\n<p>ore 19.00, presso la Stazione Centrale di Messina, \u201cCENA CONDIVISA\u201d a cura del Coordinamento Servizio Strada.<\/p>\n","protected":false},"excerpt":{"rendered":"","protected":false},"author":4,"featured_media":8353,"comment_status":"closed","ping_status":"closed","sticky":false,"template":"","format":"standard","meta":[],"categories":[30],"tags":[655,255],"news-destination":[],"news-source":[],"is_homepage":[],"ta_other":[],"_links":{"self":[{"href":"https:\/\/www.chiesedisicilia.org\/chiesedisicilia\/news\/wp-json\/wp\/v2\/posts\/10693"}],"collection":[{"href":"https:\/\/www.chiesedisicilia.org\/chiesedisicilia\/news\/wp-json\/wp\/v2\/posts"}],"about":[{"href":"https:\/\/www.chiesedisicilia.org\/chiesedisicilia\/news\/wp-json\/wp\/v2\/types\/post"}],"author":[{"embeddable":true,"href":"https:\/\/www.chiesedisicilia.org\/chiesedisicilia\/news\/wp-json\/wp\/v2\/users\/4"}],"replies":[{"embeddable":true,"href":"https:\/\/www.chiesedisicilia.org\/chiesedisicilia\/news\/wp-json\/wp\/v2\/comments?post=10693"}],"version-history":[{"count":1,"href":"https:\/\/www.chiesedisicilia.org\/chiesedisicilia\/news\/wp-json\/wp\/v2\/posts\/10693\/revisions"}],"predecessor-version":[{"id":10694,"href":"https:\/\/www.chiesedisicilia.org\/chiesedisicilia\/news\/wp-json\/wp\/v2\/posts\/10693\/revisions\/10694"}],"wp:featuredmedia":[{"embeddable":true,"href":"https:\/\/www.chiesedisicilia.org\/chiesedisicilia\/news\/wp-json\/wp\/v2\/media\/8353"}],"wp:attachment":[{"href":"https:\/\/www.chiesedisicilia.org\/chiesedisicilia\/news\/wp-json\/wp\/v2\/media?parent=10693"}],"wp:term":[{"taxonomy":"category","embeddable":true,"href":"https:\/\/www.chiesedisicilia.org\/chiesedisicilia\/news\/wp-json\/wp\/v2\/categories?post=10693"},{"taxonomy":"post_tag","embeddable":true,"href":"https:\/\/www.chiesedisicilia.org\/chiesedisicilia\/news\/wp-json\/wp\/v2\/tags?post=10693"},{"taxonomy":"news-destination","embeddable":true,"href":"https:\/\/www.chiesedisicilia.org\/chiesedisicilia\/news\/wp-json\/wp\/v2\/news-destination?post=10693"},{"taxonomy":"news-source","embeddable":true,"href":"https:\/\/www.chiesedisicilia.org\/chiesedisicilia\/news\/wp-json\/wp\/v2\/news-source?post=10693"},{"taxonomy":"is_homepage","embeddable":true,"href":"https:\/\/www.chiesedisicilia.org\/chiesedisicilia\/news\/wp-json\/wp\/v2\/is_homepage?post=10693"},{"taxonomy":"ta_other","embeddable":true,"href":"https:\/\/www.chiesedisicilia.org\/chiesedisicilia\/news\/wp-json\/wp\/v2\/ta_other?post=10693"}],"curies":[{"name":"wp","href":"https:\/\/api.w.org\/{rel}","templated":true}]}}