{"id":1068,"date":"2014-11-07T12:15:00","date_gmt":"2014-11-07T11:15:00","guid":{"rendered":"http:\/\/wptestsite.tecnavia.com\/chiesedisicilia_clientsite\/news\/2014\/11\/07\/acireale-convegno-pastorale-con-gesu-sulle-strade-delluomo\/"},"modified":"2018-11-09T10:52:54","modified_gmt":"2018-01-13T10:52:54","slug":"acireale-convegno-pastorale-con-gesu-sulle-strade-delluomo","status":"publish","type":"post","link":"https:\/\/www.chiesedisicilia.org\/2014\/11\/07\/acireale-convegno-pastorale-con-gesu-sulle-strade-delluomo\/","title":{"rendered":"ACIREALE. CONVEGNO PASTORALE: &#8220;CON GES\u00d9 SULLE STRADE DELL\u2019UOMO&#8221;"},"content":{"rendered":"<p class=\"MsoNoSpacing\"><span style=\"font-size: medium;\"><span style=\"font-family: 'Times New Roman';\">&#8220;Con Ges\u00f9 sulle strade dell\u2019uomo&#8221;<span class=\"apple-converted-space\">\u00a0<\/span>\u00e8 il tema del Convegno pastorale diocesano che si svolge nei giorni17, 18 e 19<span class=\"apple-converted-space\">\u00a0novembre nel salone della<span class=\"apple-converted-space\">\u00a0<\/span>p<\/span>arrocchia Cuore Immacolato di Maria<span class=\"apple-converted-space\">\u00a0in Acireale.<span class=\"apple-converted-space\">\u00a0<\/span><\/span><br \/> Con la partecipazione del clero, degli operatori pastorali e dei vari gruppi, movimenti e associazioni ecclesiali, &#8220;la Chiesa di Acireale si sofferma per calibrare al meglio la propria azione pastorale per far fronte alle contingenze del tempo presente. Infatti &#8211; come afferma il Vescovo mons. Antonino Raspanti &#8211; il Convegno \u00e8 una tappa significativa dell\u2019Itinerario pastorale che quest\u2019anno la nostra Chiesa intende realizzare per annunciare Cristo sulle strade dell\u2019uomo e al tempo stesso si propone come un momento qualificato, per iniziare un proficuo cammino di preparazione al Convengo ecclesiale di Firenze nel quale la Chiesa italiana rifletter\u00e0 sul tema &#8216;In Ges\u00f9 Cristo il nuovo umanesimo&#8217; e che avr\u00e0 luogo nel 2015&#8221;. [01]<\/span><\/span><o:p><\/o:p><\/p>\n","protected":false},"excerpt":{"rendered":"","protected":false},"author":1,"featured_media":0,"comment_status":"open","ping_status":"open","sticky":false,"template":"","format":"standard","meta":[],"categories":[30],"tags":[],"news-destination":[],"news-source":[],"is_homepage":[],"ta_other":[],"_links":{"self":[{"href":"https:\/\/www.chiesedisicilia.org\/chiesedisicilia\/news\/wp-json\/wp\/v2\/posts\/1068"}],"collection":[{"href":"https:\/\/www.chiesedisicilia.org\/chiesedisicilia\/news\/wp-json\/wp\/v2\/posts"}],"about":[{"href":"https:\/\/www.chiesedisicilia.org\/chiesedisicilia\/news\/wp-json\/wp\/v2\/types\/post"}],"author":[{"embeddable":true,"href":"https:\/\/www.chiesedisicilia.org\/chiesedisicilia\/news\/wp-json\/wp\/v2\/users\/1"}],"replies":[{"embeddable":true,"href":"https:\/\/www.chiesedisicilia.org\/chiesedisicilia\/news\/wp-json\/wp\/v2\/comments?post=1068"}],"version-history":[{"count":1,"href":"https:\/\/www.chiesedisicilia.org\/chiesedisicilia\/news\/wp-json\/wp\/v2\/posts\/1068\/revisions"}],"predecessor-version":[{"id":19551,"href":"https:\/\/www.chiesedisicilia.org\/chiesedisicilia\/news\/wp-json\/wp\/v2\/posts\/1068\/revisions\/19551"}],"wp:attachment":[{"href":"https:\/\/www.chiesedisicilia.org\/chiesedisicilia\/news\/wp-json\/wp\/v2\/media?parent=1068"}],"wp:term":[{"taxonomy":"category","embeddable":true,"href":"https:\/\/www.chiesedisicilia.org\/chiesedisicilia\/news\/wp-json\/wp\/v2\/categories?post=1068"},{"taxonomy":"post_tag","embeddable":true,"href":"https:\/\/www.chiesedisicilia.org\/chiesedisicilia\/news\/wp-json\/wp\/v2\/tags?post=1068"},{"taxonomy":"news-destination","embeddable":true,"href":"https:\/\/www.chiesedisicilia.org\/chiesedisicilia\/news\/wp-json\/wp\/v2\/news-destination?post=1068"},{"taxonomy":"news-source","embeddable":true,"href":"https:\/\/www.chiesedisicilia.org\/chiesedisicilia\/news\/wp-json\/wp\/v2\/news-source?post=1068"},{"taxonomy":"is_homepage","embeddable":true,"href":"https:\/\/www.chiesedisicilia.org\/chiesedisicilia\/news\/wp-json\/wp\/v2\/is_homepage?post=1068"},{"taxonomy":"ta_other","embeddable":true,"href":"https:\/\/www.chiesedisicilia.org\/chiesedisicilia\/news\/wp-json\/wp\/v2\/ta_other?post=1068"}],"curies":[{"name":"wp","href":"https:\/\/api.w.org\/{rel}","templated":true}]}}