{"id":10666,"date":"2019-11-10T10:02:43","date_gmt":"2019-11-10T09:02:43","guid":{"rendered":"http:\/\/www.chiesedisicilia.org\/chiesedisicilia\/?p=10666"},"modified":"2019-11-10T10:36:56","modified_gmt":"2019-01-14T10:36:56","slug":"il-male-non-potra-tenere-sigillato-il-bene","status":"publish","type":"post","link":"https:\/\/www.chiesedisicilia.org\/2019\/11\/10\/il-male-non-potra-tenere-sigillato-il-bene\/","title":{"rendered":"&#8220;IL MALE NON POTRA&#8217; TENERE SIGILLATO IL BENE&#8221;"},"content":{"rendered":"<p>Il <strong>vescovo di Caltagirone, mons. Calogero Peri<\/strong>, esprime la sua solidariet\u00e0 agli Scout Agesci Catania 5, dopo l&#8217;incendio che ha distrutto la casa cantoniera in contrada Rocchicella, nel territorio di Mineo, una casa affidata agli Scout in comodato d\u2019uso gratuito con un contratto siglato il 18 maggio del 2018 e che sarebbe diventata a breve una loro nuova sede.<\/p>\n<p><img alt=\"\"IL MALE NON POTRA' TENERE SIGILLATO IL BENE\"\" title=\"\"IL MALE NON POTRA' TENERE SIGILLATO IL BENE\"\" loading=\"lazy\" class=\"size-medium wp-image-10667 alignleft\" src=\"https:\/\/www.chiesedisicilia.org\/chiesedisicilia\/news\/wp-content\/uploads\/sites\/2\/2019\/11\/mons.-Calogero-Peri-Caltagirone.jpg\" alt=\"\" width=\"175\" height=\"300\" srcset=\"https:\/\/euwps05.newsmemory.com\/chiesedisicilia\/news\/wp-content\/uploads\/sites\/2\/2019\/11\/mons.-Calogero-Peri-Caltagirone.jpg 420w, https:\/\/euwps05.newsmemory.com\/chiesedisicilia\/news\/wp-content\/uploads\/sites\/2\/2019\/11\/mons.-Calogero-Peri-Caltagirone-175x300.jpg 175w\" sizes=\"(max-width: 175px) 100vw, 175px\" \/>&#8220;<em>A questa casa \u00e8 accaduto come al chicco di grano di cui ci racconta il Vangelo <\/em>&#8211; dice il presule &#8211;<em>, il chicco di grano per portare molto frutto deve prima cadere in terra e morire per produrre una nuova spiga di speranza. D\u2019altronde al seme accade quello che \u00e8 accaduto a Ges\u00f9 che, per affermare la vita senza fine della risurrezione, \u00e8 finito sulla croce, dentro una tomba e sotto una grossa pietra. Ma quello che il male non potr\u00e0 mai fare \u00e8 di tenere sigillato il bene, senza permettergli di risorgere, di spalancare qualsiasi tomba, di vincere qualsiasi resistenza. E cos\u00ec mi sembra anche per questa casa: senza questo marchio di fuoco &#8211;<\/em> continua mons. Peri &#8211; <em>nessuno forse l\u2019avrebbe mai ricordata o neppure conosciuta. Adesso cos\u00ec apparentemente sfregiata invece si prepara ad essere protagonista di speranza, di ricostruzione, di resurrezione. Questi ragazzi saranno testimoni anche loro di una resurrezione ancora pi\u00f9 bella per la loro casa che a quel punto sar\u00e0 per tutti un monito che l\u2019ultima parola spetta, comunque e nonostante tutto, alle cose belle e buone che facciamo, nonostante qualcuno si metta a volte di traverso per impedire che questi sigilli saltino e che questa pietra venga ribaltata. Auguri a tutti quelli che con maggiore tenacia faranno s\u00ec che questa casa porti nella sua storia questo timbro di fuoco e sia ancora pi\u00f9 bella<\/em>&#8220;.<\/p>\n<p><img alt=\"\"IL MALE NON POTRA' TENERE SIGILLATO IL BENE\"\" title=\"\"IL MALE NON POTRA' TENERE SIGILLATO IL BENE\"\" loading=\"lazy\" class=\"size-medium wp-image-10668 alignright\" src=\"https:\/\/www.chiesedisicilia.org\/chiesedisicilia\/news\/wp-content\/uploads\/sites\/2\/2019\/11\/Scout-5-Catania1.jpg\" alt=\"\" width=\"300\" height=\"221\" srcset=\"https:\/\/euwps05.newsmemory.com\/chiesedisicilia\/news\/wp-content\/uploads\/sites\/2\/2019\/11\/Scout-5-Catania1.jpg 526w, https:\/\/euwps05.newsmemory.com\/chiesedisicilia\/news\/wp-content\/uploads\/sites\/2\/2019\/11\/Scout-5-Catania1-300x221.jpg 300w\" sizes=\"(max-width: 300px) 100vw, 300px\" \/>I danni all\u2019immobile, composto da quattro stanze, sono notevoli: &#8220;le fiamme &#8211; si legge in una nota stampa della Diocesi &#8211; hanno compromesso parte del tetto, pilastri e muri e a terra \u00e8 rimasto un cumulo di macerie annerite&#8221;. L&#8217;inaugurazione, dopo un anno e mezzo di lavori di ristrutturazione, era programmata per il 15 dicembre prossimo.<\/p>\n<p>L\u2019<strong>assistente di zona di Caltagirone, don Piero Sortino, e i responsabili Luana e Daniele<\/strong> hanno diffuso una nota. &#8220;<em>Schiena dritta e testa alta! &#8211; scrivono &#8211; Queste le parole che vorremmo urlare agli amici e fratelli del gruppo scout Catania 5&#8243;. <\/em>Parlano dell&#8217;incendio come di <em>&#8220;tristissima<\/em> notizia&#8221;\u00a0e raccontano di &#8220;<em>sacrificio e dedizione<\/em>&#8221;\u00a0degli scout nel ripristinare la struttura &#8220;<em>che si accingevano restituire alla collettivit\u00e0 perch\u00e9 potesse essere luogo di incontri e condivisioni per attivit\u00e0 scout e non<\/em>&#8220;. Nella nota anche un appello: &#8220;<em>Condanniamo duramente il gesto e invitiamo l&#8217;intera collettivit\u00e0 a farlo, senza indietreggiamenti su questo fronte, mentre esprimiamo la nostra vicinanza e solidariet\u00e0 alla comunit\u00e0 capi del Catania 5 e a tutti i loro ragazzi, rimanendo disponibili e mettendoci a servizio di questa realt\u00e0 perch\u00e9 venga, nel pi\u00f9 breve tempo possibile, recuperata e riconsegnata, come era nei sogni di chi l&#8217;ha curata sino ad oggi. Le strade di coraggio non vanno abbandonate<\/em>&#8220;. E concludono: &#8220;<em>Al bene non occorre fare rumore per raggiungere la sua meta!<\/em>&#8220;<\/p>\n","protected":false},"excerpt":{"rendered":"<p>La solidariet\u00e0 del vescovo mons. Calogero Peri agli scout dopo l&#8217;incendio che ha distrutto una struttura cantoniera che, restaurata, sarebbe stata inaugurata il prossimo 15 dicembre.  <\/p>\n","protected":false},"author":4,"featured_media":10669,"comment_status":"closed","ping_status":"closed","sticky":false,"template":"","format":"standard","meta":[],"categories":[30],"tags":[222,648],"news-destination":[],"news-source":[],"is_homepage":[],"ta_other":[],"_links":{"self":[{"href":"https:\/\/www.chiesedisicilia.org\/chiesedisicilia\/news\/wp-json\/wp\/v2\/posts\/10666"}],"collection":[{"href":"https:\/\/www.chiesedisicilia.org\/chiesedisicilia\/news\/wp-json\/wp\/v2\/posts"}],"about":[{"href":"https:\/\/www.chiesedisicilia.org\/chiesedisicilia\/news\/wp-json\/wp\/v2\/types\/post"}],"author":[{"embeddable":true,"href":"https:\/\/www.chiesedisicilia.org\/chiesedisicilia\/news\/wp-json\/wp\/v2\/users\/4"}],"replies":[{"embeddable":true,"href":"https:\/\/www.chiesedisicilia.org\/chiesedisicilia\/news\/wp-json\/wp\/v2\/comments?post=10666"}],"version-history":[{"count":1,"href":"https:\/\/www.chiesedisicilia.org\/chiesedisicilia\/news\/wp-json\/wp\/v2\/posts\/10666\/revisions"}],"predecessor-version":[{"id":10670,"href":"https:\/\/www.chiesedisicilia.org\/chiesedisicilia\/news\/wp-json\/wp\/v2\/posts\/10666\/revisions\/10670"}],"wp:featuredmedia":[{"embeddable":true,"href":"https:\/\/www.chiesedisicilia.org\/chiesedisicilia\/news\/wp-json\/wp\/v2\/media\/10669"}],"wp:attachment":[{"href":"https:\/\/www.chiesedisicilia.org\/chiesedisicilia\/news\/wp-json\/wp\/v2\/media?parent=10666"}],"wp:term":[{"taxonomy":"category","embeddable":true,"href":"https:\/\/www.chiesedisicilia.org\/chiesedisicilia\/news\/wp-json\/wp\/v2\/categories?post=10666"},{"taxonomy":"post_tag","embeddable":true,"href":"https:\/\/www.chiesedisicilia.org\/chiesedisicilia\/news\/wp-json\/wp\/v2\/tags?post=10666"},{"taxonomy":"news-destination","embeddable":true,"href":"https:\/\/www.chiesedisicilia.org\/chiesedisicilia\/news\/wp-json\/wp\/v2\/news-destination?post=10666"},{"taxonomy":"news-source","embeddable":true,"href":"https:\/\/www.chiesedisicilia.org\/chiesedisicilia\/news\/wp-json\/wp\/v2\/news-source?post=10666"},{"taxonomy":"is_homepage","embeddable":true,"href":"https:\/\/www.chiesedisicilia.org\/chiesedisicilia\/news\/wp-json\/wp\/v2\/is_homepage?post=10666"},{"taxonomy":"ta_other","embeddable":true,"href":"https:\/\/www.chiesedisicilia.org\/chiesedisicilia\/news\/wp-json\/wp\/v2\/ta_other?post=10666"}],"curies":[{"name":"wp","href":"https:\/\/api.w.org\/{rel}","templated":true}]}}