{"id":10649,"date":"2019-11-06T09:08:06","date_gmt":"2019-11-06T08:08:06","guid":{"rendered":"http:\/\/www.chiesedisicilia.org\/chiesedisicilia\/?p=10649"},"modified":"2019-11-06T09:12:45","modified_gmt":"2019-01-10T09:12:45","slug":"custodire-la-citta-custodire-il-futuro-6-giornata-sociale-diocesana","status":"publish","type":"post","link":"https:\/\/www.chiesedisicilia.org\/2019\/11\/06\/custodire-la-citta-custodire-il-futuro-6-giornata-sociale-diocesana\/","title":{"rendered":"&#8220;CUSTODIRE LA CITTA&#8217;&#8230; CUSTODIRE IL FUTURO&#8221;: 6\u00b0 GIORNATA SOCIALE DIOCESANA"},"content":{"rendered":"<p>Una occasione di riflessione e confronto all\u2019inizio del cammino organizzato per questo anno pastorale dall&#8217;Ufficio per i problemi sociali e il lavoro. Cos\u00ec si presenta la sesta edizione della Giornata sociale diocesana.<\/p>\n<p>&#8220;<em>Approfondendo il tema &#8220;Custodire la Citt\u00e0&#8230; Custodire il Futuro&#8221;, ci chiederemo cosa significhi ecologia integrale<\/em> &#8211; spiega <strong>don Sergio Siracusano, direttore dell&#8217;Ufficio diocesano per la Pastorale sociale e il Lavoro<\/strong> &#8211; <em>e quale rinnovato impegno desumiamo dalla &#8216;Laudato si\u2019&#8217;. Parleremo della Settimana Sociale, dei Cantieri di LavOro, della Fiera delle Idee e del Progetto Policoro che sono tutte iniziative della nostra Chiesa collegate al servizio dei giovani e allo sviluppo del nostro territorio. Perch\u00e9 tutto \u00e8 connesso, perch\u00e9 il Vangelo \u00e8 luce per la nostra societ\u00e0<\/em>&#8220;.<\/p>\n<p>Dopo il saluto dell\u2019arcivescovo, mons. Giovanni Accolla, di Luigi Chiara, Pro Rettore Affari Generali dell\u2019Universit\u00e0, sar\u00e0 don Sergio Siracusano ad introdurre i lavori che prevedono le testimonianze del Presidio di\u00a0 Libera di Messina \u201cNino e Ida Agostino\u201d, degli studenti del Friday for future, dei giovani di Confindustria Messina, degli imprenditori cattolici dell\u2019Ucid.Al centro della Giornata l\u2019intervento di Luca Raffaele, direttore generale NeXt &#8211; Nuova Economia per Tutti &#8211; che racconter\u00e0 \u201cl\u2019esperienza a Messina di Cantieri di LavOro\u201d che sar\u00e0 anche un contributo alla Settimana Sociale di Taranto del 2021. Poi Antonio Caschetto, del Movimento Cattolico Mondiale per il Clima e Coordinatore programma Laudato si\u2019 &#8211; Assisi, proporr\u00e0\u00a0 l\u2019avvio dei \u201cCircoli Laudato si\u2019\u201d a Messina.<\/p>\n<p>In conclusione sar\u00e0 esposto da Cristina D\u2019Arrigo, animatrice del Progetto Policoro, il programma della \u201cFiera delle Idee\u201d e saranno presentate le due reti &#8211; informatica e turismo &#8211; di Cantieri di LavOro. A concludere la mattinata, la firma del contratto di rete.<\/p>\n","protected":false},"excerpt":{"rendered":"<p>Sabato 16 novembre, alle ore 9.30, presso l\u2019Aula &#8220;Cannizzaro&#8221; dell\u2019Universit\u00e0 degli Studi di Messina, si terr\u00e0 la 6\u00b0 Giornata Sociale Diocesana dal titolo \u201cCustodire la Citt\u00e0\u2026Custodire il Futuro\u201d .<\/p>\n","protected":false},"author":4,"featured_media":10651,"comment_status":"closed","ping_status":"closed","sticky":false,"template":"","format":"standard","meta":[],"categories":[30],"tags":[645,255],"news-destination":[],"news-source":[],"is_homepage":[],"ta_other":[],"_links":{"self":[{"href":"https:\/\/www.chiesedisicilia.org\/chiesedisicilia\/news\/wp-json\/wp\/v2\/posts\/10649"}],"collection":[{"href":"https:\/\/www.chiesedisicilia.org\/chiesedisicilia\/news\/wp-json\/wp\/v2\/posts"}],"about":[{"href":"https:\/\/www.chiesedisicilia.org\/chiesedisicilia\/news\/wp-json\/wp\/v2\/types\/post"}],"author":[{"embeddable":true,"href":"https:\/\/www.chiesedisicilia.org\/chiesedisicilia\/news\/wp-json\/wp\/v2\/users\/4"}],"replies":[{"embeddable":true,"href":"https:\/\/www.chiesedisicilia.org\/chiesedisicilia\/news\/wp-json\/wp\/v2\/comments?post=10649"}],"version-history":[{"count":2,"href":"https:\/\/www.chiesedisicilia.org\/chiesedisicilia\/news\/wp-json\/wp\/v2\/posts\/10649\/revisions"}],"predecessor-version":[{"id":10653,"href":"https:\/\/www.chiesedisicilia.org\/chiesedisicilia\/news\/wp-json\/wp\/v2\/posts\/10649\/revisions\/10653"}],"wp:featuredmedia":[{"embeddable":true,"href":"https:\/\/www.chiesedisicilia.org\/chiesedisicilia\/news\/wp-json\/wp\/v2\/media\/10651"}],"wp:attachment":[{"href":"https:\/\/www.chiesedisicilia.org\/chiesedisicilia\/news\/wp-json\/wp\/v2\/media?parent=10649"}],"wp:term":[{"taxonomy":"category","embeddable":true,"href":"https:\/\/www.chiesedisicilia.org\/chiesedisicilia\/news\/wp-json\/wp\/v2\/categories?post=10649"},{"taxonomy":"post_tag","embeddable":true,"href":"https:\/\/www.chiesedisicilia.org\/chiesedisicilia\/news\/wp-json\/wp\/v2\/tags?post=10649"},{"taxonomy":"news-destination","embeddable":true,"href":"https:\/\/www.chiesedisicilia.org\/chiesedisicilia\/news\/wp-json\/wp\/v2\/news-destination?post=10649"},{"taxonomy":"news-source","embeddable":true,"href":"https:\/\/www.chiesedisicilia.org\/chiesedisicilia\/news\/wp-json\/wp\/v2\/news-source?post=10649"},{"taxonomy":"is_homepage","embeddable":true,"href":"https:\/\/www.chiesedisicilia.org\/chiesedisicilia\/news\/wp-json\/wp\/v2\/is_homepage?post=10649"},{"taxonomy":"ta_other","embeddable":true,"href":"https:\/\/www.chiesedisicilia.org\/chiesedisicilia\/news\/wp-json\/wp\/v2\/ta_other?post=10649"}],"curies":[{"name":"wp","href":"https:\/\/api.w.org\/{rel}","templated":true}]}}