{"id":10630,"date":"2019-11-05T11:18:26","date_gmt":"2019-11-05T10:18:26","guid":{"rendered":"http:\/\/www.chiesedisicilia.org\/chiesedisicilia\/?p=10630"},"modified":"2021-11-17T10:35:00","modified_gmt":"2021-01-21T10:35:00","slug":"servizio-per-la-tutela-dei-minori-convocazione-del-13-novembre-2019","status":"publish","type":"post","link":"https:\/\/www.chiesedisicilia.org\/2019\/11\/05\/servizio-per-la-tutela-dei-minori-convocazione-del-13-novembre-2019\/","title":{"rendered":"SERVIZIO PER LA TUTELA DEI MINORI: CONVOCAZIONE DEL 13 NOVEMBRE 2019"},"content":{"rendered":"<p>Nel corso dell&#8217;ultima sessione di lavori della Conferenza episcopale siciliana, i vescovi delle diciotto diocesi dell&#8217;Isola hanno indicato i referenti del Servizio per la tutela dei minori, recentemente istituito a seguito dell\u2019approvazione delle Linee guida per la tutela dei minori e delle persone vulnerabili della Conferenza Episcopale Italiana e della Conferenza Italiana dei Superiori Maggiori (24 giugno 2019).<\/p>\n<p>Per dare attuazione a tali Linee guida sono stati costituiti gli organismi e i servizi previsti ai diversi livelli. Occorre, adesso, avviare tali realt\u00e0, conoscendo opportunamente i documenti normativi, concordando orientamenti comuni, sciogliendo difficolt\u00e0 e dubbi, condividendo eventuali esperienze gi\u00e0 fatte e situazioni pendenti.<\/p>\n<p>A tale scopo \u00e8 convocato il primo incontro di Commissione che si terr\u00e0 mercoled\u00ec 13 novembre, dalle ore 10.00 alle ore 13.30, presso Federico II Palace Hotel, ad Enna Bassa.<\/p>\n","protected":false},"excerpt":{"rendered":"","protected":false},"author":4,"featured_media":0,"comment_status":"closed","ping_status":"closed","sticky":false,"template":"","format":"standard","meta":[],"categories":[7],"tags":[640],"news-destination":[],"news-source":[],"is_homepage":[],"ta_other":[],"_links":{"self":[{"href":"https:\/\/www.chiesedisicilia.org\/chiesedisicilia\/news\/wp-json\/wp\/v2\/posts\/10630"}],"collection":[{"href":"https:\/\/www.chiesedisicilia.org\/chiesedisicilia\/news\/wp-json\/wp\/v2\/posts"}],"about":[{"href":"https:\/\/www.chiesedisicilia.org\/chiesedisicilia\/news\/wp-json\/wp\/v2\/types\/post"}],"author":[{"embeddable":true,"href":"https:\/\/www.chiesedisicilia.org\/chiesedisicilia\/news\/wp-json\/wp\/v2\/users\/4"}],"replies":[{"embeddable":true,"href":"https:\/\/www.chiesedisicilia.org\/chiesedisicilia\/news\/wp-json\/wp\/v2\/comments?post=10630"}],"version-history":[{"count":1,"href":"https:\/\/www.chiesedisicilia.org\/chiesedisicilia\/news\/wp-json\/wp\/v2\/posts\/10630\/revisions"}],"predecessor-version":[{"id":10631,"href":"https:\/\/www.chiesedisicilia.org\/chiesedisicilia\/news\/wp-json\/wp\/v2\/posts\/10630\/revisions\/10631"}],"wp:attachment":[{"href":"https:\/\/www.chiesedisicilia.org\/chiesedisicilia\/news\/wp-json\/wp\/v2\/media?parent=10630"}],"wp:term":[{"taxonomy":"category","embeddable":true,"href":"https:\/\/www.chiesedisicilia.org\/chiesedisicilia\/news\/wp-json\/wp\/v2\/categories?post=10630"},{"taxonomy":"post_tag","embeddable":true,"href":"https:\/\/www.chiesedisicilia.org\/chiesedisicilia\/news\/wp-json\/wp\/v2\/tags?post=10630"},{"taxonomy":"news-destination","embeddable":true,"href":"https:\/\/www.chiesedisicilia.org\/chiesedisicilia\/news\/wp-json\/wp\/v2\/news-destination?post=10630"},{"taxonomy":"news-source","embeddable":true,"href":"https:\/\/www.chiesedisicilia.org\/chiesedisicilia\/news\/wp-json\/wp\/v2\/news-source?post=10630"},{"taxonomy":"is_homepage","embeddable":true,"href":"https:\/\/www.chiesedisicilia.org\/chiesedisicilia\/news\/wp-json\/wp\/v2\/is_homepage?post=10630"},{"taxonomy":"ta_other","embeddable":true,"href":"https:\/\/www.chiesedisicilia.org\/chiesedisicilia\/news\/wp-json\/wp\/v2\/ta_other?post=10630"}],"curies":[{"name":"wp","href":"https:\/\/api.w.org\/{rel}","templated":true}]}}