{"id":10612,"date":"2019-10-29T10:02:55","date_gmt":"2019-10-29T09:02:55","guid":{"rendered":"http:\/\/www.chiesedisicilia.org\/chiesedisicilia\/?p=10612"},"modified":"2019-10-29T10:02:58","modified_gmt":"2019-01-02T10:02:58","slug":"il-vescovo-mons-stagliano-sulla-tempesta-nella-zona-sud-est-della-sicilia-che-ha-provocato-la-morte-di-giuseppe-cavallo","status":"publish","type":"post","link":"https:\/\/www.chiesedisicilia.org\/2019\/10\/29\/il-vescovo-mons-stagliano-sulla-tempesta-nella-zona-sud-est-della-sicilia-che-ha-provocato-la-morte-di-giuseppe-cavallo\/","title":{"rendered":"IL VESCOVO MONS. STAGLIANO&#8217; SULLA TEMPESTA NELLA ZONA SUD-EST DELLA SICILIA CHE HA PROVOCATO LA MORTE DI GIUSEPPE CAVALLO"},"content":{"rendered":"<p>&#8220;La tempesta che si \u00e8 abbattuta in questi giorni, in particolare nella zona sud-est della Sicilia e che ha provocato la morte di Giuseppe Cappello, oltre a incalcolabili danni al territorio e alle strutture, ci induce certamente a riflessione. Ci riporta senz\u2019altro alla caducit\u00e0 della vita umana e alla estrema debolezza dell&#8217;uomo dinanzi allo scatenamento delle forze della natura. Cos\u00ec, prendendo coscienza della ineluttabile precariet\u00e0 della nostra condizione umana, viene spontaneo &#8211; nella fede cristiana- rivolgerci a Dio, per trovare in Lui rifugio, aiuto e conforto.<\/p>\n<p>Soprattutto oggi, per\u00f2, \u00e8 doveroso non eludere l\u2019interrogativo di quanti (forse troppo numerosi) restano disorientati e nello sconcerto, proprio riguardo alla fede e alla fiducia in Dio: dov\u2019\u00e8 Dio nel nostro dolore, perch\u00e9 non interviene a proteggere i nostri campi dalle acque che si abbattono, ad evitare le nostre disgrazie, a impedire che onesti lavoratori muoiano nel compimento del loro dovere? La domanda \u00e8 legittima, e Dio vuole riceverla, anche con l\u2019accusa (sempre implicita e a volte esplicita) d\u2019essere un \u201cDio ingiusto\u201d e incurante delle sofferenze degli uomini. In particolare chi \u00e8 colpito a morte e crede in Dio, non pu\u00f2 non gridare cos\u00ec, magari attribuendo a Dio la causa del male che patisce nel mondo: \u201cDio l\u2019ha voluto\u201d, si dice, sia per consolarsi o per ribellarsi.\u00a0 \u00c8 giusta la domanda, ma anche \u00e8 giusto avviare una ricerca onesta per trovare la risposta nel Dio di Ges\u00f9, che non vuole la morte e la sofferenza degli esseri umani, ma, piuttosto, \u00e8 Lui stesso a soffrire e morire per noi. Dov\u2019\u00e8 Dio nel nostro dolore? La risposta c\u2019\u00e8. \u00c8 sempre l\u00e0 sulla croce del Figlio a condividere, a con-soffrire, a chiedere agli esseri umani la pratica della giustizia vera e dell\u2019amore autentico, che sa offrire e donare con generosit\u00e0, assumendosi tutte le proprie responsabilit\u00e0 umane, sociali, politiche, al servizio della vita e del bene comune.<\/p>\n<p>Da qui, allo stesso tempo, tutti questi tragici avvenimenti interpellano la nostra coscienza su eventuali responsabilit\u00e0 umane, imponendo il dovere morale di predisporre e mettere in atto tutto quanto rientra nella possibilit\u00e0 dell&#8217;uomo per prevenire, scongiurare o limitare le devastazioni purtroppo gi\u00e0 registrate. A tal riguardo, non pu\u00f2 passare inosservato il fatto che la regione siciliana sia in estremo ritardo nella recezione e attuazione della normativa della Legge De Marchi del 1989 e del successivo decreto legislativo 152 del 2006, che regolamentavano con chiarezza e precisione il controllo e il convogliamento delle acque meteoriche, al fine appunto di evitare disastri ambientali. E non si pu\u00f2 quindi non prendere atto di quanto questa inerzia legislativa abbia influito negativamente sulla operativit\u00e0 dei singoli comuni, sui quali grava prima di tutto la responsabilit\u00e0 di emanare ordinanze finalizzate alla tutela ambientale e alla sicurezza dei cittadini. Cos\u00ec, sono estremamente carenti anche quelle elementari disposizioni comunali volte ad assicurare: la manutenzione, la pulizia costante e il ripristino degli antichi solchi di scolo dei fondi rustici, nonch\u00e9 il loro convogliamento adeguato nella rete dei corsi d&#8217;acqua gi\u00e0 esistenti; il mantenimento delle sponde dei fossi per impedire il franamento del terreno; la pulizia degli alvei da erbe infestanti, rovi e rifiuti; il divieto di rimozione delle ceppaie degli alberi che sostengono le sponde del corso d&#8217;acqua; la manutenzione delle sedi stradali per evitare l&#8217;invasione di arbusti, terra e detriti con conseguente immediato pericolo per autoveicoli e pedoni ecc. ecc. Si ha la certezza che si potrebbe fare molto di pi\u00f9 per prevenire o limitare al massimo disastri come quelli a cui abbiamo assistito in questi giorni, se le normative vigenti fossero meglio osservate, e se il legislatore o l&#8217;amministratore facessero maggiormente leva su altre norme necessarie ancora da emanare. Non sfugge a nessuno, intanto, che la Legge di bilancio 2019 comprenda delle voci dedicate alla prevenzione del dissesto idrogeologico e dei rischi naturali, con finanziamenti a interventi di diretta competenza delle regioni e dei comuni, ammontanti a ben 4,2 miliardi di euro per nuovi investimenti, spendibili tra il 2019 e il 2023, fermo restando le iniziative gi\u00e0 finanziate con i fondi europei. Una delle novit\u00e0 importanti di questa legge \u00e8 la previsione di dotazioni specifiche assegnate ai comuni per un totale di 385 milioni all&#8217;anno, di cui 250 ripartiti dal Ministero degli interni, e 135 attraverso l&#8217;intermediazione delle regioni. Da dire inoltre che nella Legge di bilancio sono stati stanziati anche 2,6 miliardi di euro che confluiranno in un apposito fondo del Dipartimento della protezione civile, che saranno utilizzati per investimenti strutturali e infrastrutturali finalizzati all&#8217;abbassamento del rischio idrogeologico.<\/p>\n<p>In ultimo, non \u00e8 superfluo ricordare che il &#8220;Piano nazionale per la mitigazione del rischio idrogeologico&#8221;, varato dal governo all&#8217;inizio di quest&#8217;anno tende a coordinare e sbloccare risorse complessive per 14,3 miliardi di euro in 12 anni. Come si vede le risorse non mancano. Manca forse quella lodevole audacia umana che trova linfa nella fede cristiana e che permette di portare a perfezione il lavoro dell&#8217;uomo, trasformandolo in opera che va a gloria dello stesso Creatore. A questa audacia creativa richiamano i Patti sociali stipulati tra la Diocesi di Noto e i nove Comuni, ricadenti sul suo territorio. Nell&#8217;ambito dei Patti sociali si auspica dunque una collaborazione civile che permetta di realizzare tutto ci\u00f2 che \u00e8 umanamente possibile per la salvaguardia dell&#8217;ambiente e dell&#8217;uomo, superando tutte le lentezze e le pletore che hanno purtroppo finora molto caratterizzato le varie amministrazioni pubbliche. Il Magistero di Papa Francesco nella Laudato s\u00ec resti in questo lavoro come un paradigma di riferimento costante&#8221;.<\/p>\n","protected":false},"excerpt":{"rendered":"<p>Il vescovo noto, mons. Antonio Staglian\u00f2, interviene sul violento maltempo che ha colpito la zona sud-est della Sicilia e che ha provocato la morte d Giuseppe Cavallo. Lui stesso ha presieduto i funerali nella Chiesa madre di Rosolini con la Santa Messa.<\/p>\n","protected":false},"author":4,"featured_media":10614,"comment_status":"closed","ping_status":"closed","sticky":false,"template":"","format":"standard","meta":[],"categories":[30],"tags":[279,636],"news-destination":[],"news-source":[],"is_homepage":[],"ta_other":[],"_links":{"self":[{"href":"https:\/\/www.chiesedisicilia.org\/chiesedisicilia\/news\/wp-json\/wp\/v2\/posts\/10612"}],"collection":[{"href":"https:\/\/www.chiesedisicilia.org\/chiesedisicilia\/news\/wp-json\/wp\/v2\/posts"}],"about":[{"href":"https:\/\/www.chiesedisicilia.org\/chiesedisicilia\/news\/wp-json\/wp\/v2\/types\/post"}],"author":[{"embeddable":true,"href":"https:\/\/www.chiesedisicilia.org\/chiesedisicilia\/news\/wp-json\/wp\/v2\/users\/4"}],"replies":[{"embeddable":true,"href":"https:\/\/www.chiesedisicilia.org\/chiesedisicilia\/news\/wp-json\/wp\/v2\/comments?post=10612"}],"version-history":[{"count":1,"href":"https:\/\/www.chiesedisicilia.org\/chiesedisicilia\/news\/wp-json\/wp\/v2\/posts\/10612\/revisions"}],"predecessor-version":[{"id":10615,"href":"https:\/\/www.chiesedisicilia.org\/chiesedisicilia\/news\/wp-json\/wp\/v2\/posts\/10612\/revisions\/10615"}],"wp:featuredmedia":[{"embeddable":true,"href":"https:\/\/www.chiesedisicilia.org\/chiesedisicilia\/news\/wp-json\/wp\/v2\/media\/10614"}],"wp:attachment":[{"href":"https:\/\/www.chiesedisicilia.org\/chiesedisicilia\/news\/wp-json\/wp\/v2\/media?parent=10612"}],"wp:term":[{"taxonomy":"category","embeddable":true,"href":"https:\/\/www.chiesedisicilia.org\/chiesedisicilia\/news\/wp-json\/wp\/v2\/categories?post=10612"},{"taxonomy":"post_tag","embeddable":true,"href":"https:\/\/www.chiesedisicilia.org\/chiesedisicilia\/news\/wp-json\/wp\/v2\/tags?post=10612"},{"taxonomy":"news-destination","embeddable":true,"href":"https:\/\/www.chiesedisicilia.org\/chiesedisicilia\/news\/wp-json\/wp\/v2\/news-destination?post=10612"},{"taxonomy":"news-source","embeddable":true,"href":"https:\/\/www.chiesedisicilia.org\/chiesedisicilia\/news\/wp-json\/wp\/v2\/news-source?post=10612"},{"taxonomy":"is_homepage","embeddable":true,"href":"https:\/\/www.chiesedisicilia.org\/chiesedisicilia\/news\/wp-json\/wp\/v2\/is_homepage?post=10612"},{"taxonomy":"ta_other","embeddable":true,"href":"https:\/\/www.chiesedisicilia.org\/chiesedisicilia\/news\/wp-json\/wp\/v2\/ta_other?post=10612"}],"curies":[{"name":"wp","href":"https:\/\/api.w.org\/{rel}","templated":true}]}}