{"id":10574,"date":"2019-10-23T08:11:44","date_gmt":"2019-10-23T06:11:44","guid":{"rendered":"http:\/\/www.chiesedisicilia.org\/chiesedisicilia\/?p=10574"},"modified":"2019-10-23T08:11:46","modified_gmt":"2018-12-27T08:11:46","slug":"rapporto-caritas-migrantes-in-aumento-gli-stranieri-residenti-a-catania-prima-in-sicilia-per-presenze","status":"publish","type":"post","link":"https:\/\/www.chiesedisicilia.org\/2019\/10\/23\/rapporto-caritas-migrantes-in-aumento-gli-stranieri-residenti-a-catania-prima-in-sicilia-per-presenze\/","title":{"rendered":"RAPPORTO CARITAS-MIGRANTES: IN AUMENTO GLI STRANIERI RESIDENTI A CATANIA, PRIMA IN SICILIA PER PRESENZE"},"content":{"rendered":"<p>&#8220;<em>Continuano a crescere, seppur meno degli altri anni, gli stranieri residenti in Sicilia e a Catania mentre si complicano le vite di coloro che devono rinnovare i documenti di soggiorno e degli ultimi arrivati che, in seguito ai recenti provvedimenti nazionali in materia di immigrazione, rischiano di finire intrappolati nei circuiti dell&#8217;irregolarit\u00e0<\/em>&#8220;. Cos\u00ec la <strong>Caritas diocesana di Catania<\/strong> sintetizza i dati che saranno forniti nel corso della presentazione del Rapporto Caritas-Migrantes che forniscono anche i numeri sulla presenza straniera in Sicilia e a Catania.La presentazione del documento, giunto alla 28\u00b0 edizione e che quest&#8217;anno ha per titolo &#8220;<em>Non si tratta solo di migranti<\/em>\u201d, vuole \u201c<em>aprire lo sguardo sulle esistenze di queste persone<\/em>&#8220;. E&#8217; in programma sabato 26 ottobre, alle ore 09.00, presso il Museo diocesano etneo, alla presenza di mons. Salvatore Genchi, vicario generale dell&#8217;arcidiocesi di Catania, don Piero Galvano, direttore della Caritas diocesana di Catania, e il diac. Giuseppe Cannizzo, direttore dell&#8217;Ufficio Migrantes di Catania. Dopo l&#8217;intervento introduttivo di padre Gianni Di Gennaro, del Centro Astalli, \u00e8 prevista la relazione di Vincenzo La Monica, responsabile Immigrazione e Osservatorio delle povert\u00e0 di Caritas Ragusa. L&#8217;evento \u00e8 gratuito e aperto a tutti.<\/p>\n<p>&#8220;<em>E&#8217; un fenomeno complesso, quello migratorio, che quotidianamente deve confrontarsi con l&#8217;aggressivit\u00e0 delle fake news e con l&#8217;appetito feroce di una comunicazione semplicistica e fuorviante che spinge il pregiudizio fino alle sue estreme conseguenze. In vista del convegno, che sveler\u00e0 tutti i numeri ufficiali in materia<\/em> &#8211; si legge in una nota stampa della Caritas di Catania &#8211;<em>, le prime anticipazioni registrano che la provincia di Catania \u00e8 la prima siciliana per numero di stranieri residenti presenti con 37.591 unit\u00e0, il 3,4% della popolazione. La seconda provincia \u00e8 quella di Palermo, con 37.092, seguono Ragusa (29.758) e Messina (29.627). Nel solo Comune di Catania, nel corso del 2018, i residenti stranieri sono 13.977, circa 400 in pi\u00f9 rispetto all&#8217;anno precedente. Una crescita inferiore rispetto alle 562 unit\u00e0 di scarto che si erano registrate tra il 2016 e il 2017<\/em>&#8220;.<\/p>\n<p>Altri dati anticipati da Catania, &#8220;<em>nel corso del 2018, le componenti straniere maggiormente consolidate in citt\u00e0, anche perch\u00e9 compongono comunit\u00e0 ormai ben integrate nel tessuto urbano, sono quelle dello Sri Lanka, 2.629 cittadini (un centinaio in pi\u00f9 rispetto al 2017), della Romania, 2.269 (in crescita di circa mezzo migliaio), e della Cina, con poco pi\u00f9 di un migliaio, che risultano in contrazione di qualche decina. A livello regionale, stando all&#8217;elaborazione contenuta nel dossier, a fronte di poco pi\u00f9 di 200 mila stranieri residenti (il 4% del totale della popolazione residente), il paese di provenienza pi\u00f9 rappresentato \u00e8 la Romania, con 58.480 cittadini, circa un quarto del totale degli stranieri residenti in Sicilia, seguito dalla Tunisia (20.839), dal Marocco (15.457), dallo Sri Lanka (13.691) e dal Bangladesh (9.063)<\/em>&#8220;.<\/p>\n","protected":false},"excerpt":{"rendered":"","protected":false},"author":4,"featured_media":10575,"comment_status":"closed","ping_status":"closed","sticky":false,"template":"","format":"standard","meta":[],"categories":[30],"tags":[88,632],"news-destination":[],"news-source":[],"is_homepage":[],"ta_other":[],"_links":{"self":[{"href":"https:\/\/www.chiesedisicilia.org\/chiesedisicilia\/news\/wp-json\/wp\/v2\/posts\/10574"}],"collection":[{"href":"https:\/\/www.chiesedisicilia.org\/chiesedisicilia\/news\/wp-json\/wp\/v2\/posts"}],"about":[{"href":"https:\/\/www.chiesedisicilia.org\/chiesedisicilia\/news\/wp-json\/wp\/v2\/types\/post"}],"author":[{"embeddable":true,"href":"https:\/\/www.chiesedisicilia.org\/chiesedisicilia\/news\/wp-json\/wp\/v2\/users\/4"}],"replies":[{"embeddable":true,"href":"https:\/\/www.chiesedisicilia.org\/chiesedisicilia\/news\/wp-json\/wp\/v2\/comments?post=10574"}],"version-history":[{"count":1,"href":"https:\/\/www.chiesedisicilia.org\/chiesedisicilia\/news\/wp-json\/wp\/v2\/posts\/10574\/revisions"}],"predecessor-version":[{"id":10576,"href":"https:\/\/www.chiesedisicilia.org\/chiesedisicilia\/news\/wp-json\/wp\/v2\/posts\/10574\/revisions\/10576"}],"wp:featuredmedia":[{"embeddable":true,"href":"https:\/\/www.chiesedisicilia.org\/chiesedisicilia\/news\/wp-json\/wp\/v2\/media\/10575"}],"wp:attachment":[{"href":"https:\/\/www.chiesedisicilia.org\/chiesedisicilia\/news\/wp-json\/wp\/v2\/media?parent=10574"}],"wp:term":[{"taxonomy":"category","embeddable":true,"href":"https:\/\/www.chiesedisicilia.org\/chiesedisicilia\/news\/wp-json\/wp\/v2\/categories?post=10574"},{"taxonomy":"post_tag","embeddable":true,"href":"https:\/\/www.chiesedisicilia.org\/chiesedisicilia\/news\/wp-json\/wp\/v2\/tags?post=10574"},{"taxonomy":"news-destination","embeddable":true,"href":"https:\/\/www.chiesedisicilia.org\/chiesedisicilia\/news\/wp-json\/wp\/v2\/news-destination?post=10574"},{"taxonomy":"news-source","embeddable":true,"href":"https:\/\/www.chiesedisicilia.org\/chiesedisicilia\/news\/wp-json\/wp\/v2\/news-source?post=10574"},{"taxonomy":"is_homepage","embeddable":true,"href":"https:\/\/www.chiesedisicilia.org\/chiesedisicilia\/news\/wp-json\/wp\/v2\/is_homepage?post=10574"},{"taxonomy":"ta_other","embeddable":true,"href":"https:\/\/www.chiesedisicilia.org\/chiesedisicilia\/news\/wp-json\/wp\/v2\/ta_other?post=10574"}],"curies":[{"name":"wp","href":"https:\/\/api.w.org\/{rel}","templated":true}]}}