{"id":10534,"date":"2019-10-15T15:10:47","date_gmt":"2019-10-15T13:10:47","guid":{"rendered":"http:\/\/www.chiesedisicilia.org\/chiesedisicilia\/?p=10534"},"modified":"2019-10-15T15:11:16","modified_gmt":"2018-12-19T15:11:16","slug":"fare-rete-per-assicurare-percorsi-di-istruzione-e-di-inclusione-per-adulti","status":"publish","type":"post","link":"https:\/\/www.chiesedisicilia.org\/2019\/10\/15\/fare-rete-per-assicurare-percorsi-di-istruzione-e-di-inclusione-per-adulti\/","title":{"rendered":"&#8220;FARE RETE PER ASSICURARE PERCORSI DI ISTRUZIONE E DI INCLUSIONE PER ADULTI&#8221;"},"content":{"rendered":"<p>&#8220;<em>Fare rete per assicurare percorsi di istruzione per adulti e per ampliare l\u2019offerta formativa anche per i pi\u00f9 deboli, nel segno dell\u2019inclusione<\/em>&#8220;. Queste le motivazione che, a Siracusa, hanno portato all&#8217;intesa tra Centro provinciale per l\u2019istruzione degli adulti e il Centro interculturale di aiuto e orientamento dell\u2019Istituto dei Fratelli Maristi. Insieme realizzeranno corsi di italiano per stranieri e offriranno la possibilit\u00e0 di seguire gli studi necessari ad ottenere il diploma di scuola secondaria I grado, cio\u00e8 l&#8217;ex licenza media.<\/p>\n<p><img alt=\"\"FARE RETE PER ASSICURARE PERCORSI DI ISTRUZIONE E DI INCLUSIONE PER ADULTI\"\" title=\"\"FARE RETE PER ASSICURARE PERCORSI DI ISTRUZIONE E DI INCLUSIONE PER ADULTI\"\" loading=\"lazy\" class=\" wp-image-10536 alignleft\" src=\"https:\/\/www.chiesedisicilia.org\/chiesedisicilia\/news\/wp-content\/uploads\/sites\/2\/2019\/10\/arnone-e-begni3.jpg\" alt=\"\" width=\"183\" height=\"244\" srcset=\"https:\/\/euwps05.newsmemory.com\/chiesedisicilia\/news\/wp-content\/uploads\/sites\/2\/2019\/10\/arnone-e-begni3.jpg 1536w, https:\/\/euwps05.newsmemory.com\/chiesedisicilia\/news\/wp-content\/uploads\/sites\/2\/2019\/10\/arnone-e-begni3-225x300.jpg 225w, https:\/\/euwps05.newsmemory.com\/chiesedisicilia\/news\/wp-content\/uploads\/sites\/2\/2019\/10\/arnone-e-begni3-768x1024.jpg 768w, https:\/\/euwps05.newsmemory.com\/chiesedisicilia\/news\/wp-content\/uploads\/sites\/2\/2019\/10\/arnone-e-begni3-750x1000.jpg 750w\" sizes=\"(max-width: 183px) 100vw, 183px\" \/>&#8220;<em>E\u2019 stato siglato un protocollo che permette a questo luogo di diventare ulteriormente punto di riferimento, soprattutto per i migranti. Dalla sua inaugurazione<\/em> &#8211; spiega <strong>fratel Claudio Begni, Fondazione di solidariet\u00e0 Marista<\/strong>, composta da religiosi consacrati e da missionari laici\u00a0provenienti da diverse parti del mondo &#8211;<em>, che \u00e8 avvenuta a gennaio di quest\u2019anno, il Ciao sta offrendo ai ragazzi la possibilit\u00e0 di un luogo dove trovare qualcuno che li ascolta. Vengono attivati corsi di italiano per gruppi in base al livello, corsi di informatica, di fotografia. Ed \u00e8 anche un internet point per chi vuole approfittare per cercare soluzioni lavorative o connettersi con le loro famiglie lontane. Firmiamo questa convenzione<\/em> &#8211; aggiunge &#8211; <em>per dare opportunit\u00e0 ai ragazzi del territorio la possibilit\u00e0 di accedere ad un corso di formazione in questi locali proprio perch\u00e8 rientra nelle finalit\u00e0 di questo centro<\/em>\u201d.<\/p>\n<p>\u201c<em>Abbiamo da sempre l\u2019obiettivo di includere ed integrare. Abbiamo cinque punti di erogazione<\/em> &#8211; dice la <strong>dirigente scolastica del CPIA, Simonetta Arnone<\/strong> &#8211;<em>, ma non siamo solo una scuola, ma un\u2019agenzia del territorio. Comprendiamo le esigenze dei ragazzi e di tante donne che hanno difficolt\u00e0 a raggiungere le nostre strutture. Questo \u00e8 un primo passo<\/em> &#8211; continua &#8211; <em>per farli diventare cittadini. Fare rete per noi \u00e8 importante perch\u00e9 ci permette di mettere in atto tutte le potenzialit\u00e0 e metterle in pratica che questa scuola ha: essere nel territorio punto di riferimento per la crescita culturale dei cittadini, nessuno escluso<\/em>\u201d.<\/p>\n","protected":false},"excerpt":{"rendered":"","protected":false},"author":4,"featured_media":10535,"comment_status":"closed","ping_status":"closed","sticky":false,"template":"","format":"standard","meta":[],"categories":[30],"tags":[626,140],"news-destination":[],"news-source":[],"is_homepage":[],"ta_other":[],"_links":{"self":[{"href":"https:\/\/www.chiesedisicilia.org\/chiesedisicilia\/news\/wp-json\/wp\/v2\/posts\/10534"}],"collection":[{"href":"https:\/\/www.chiesedisicilia.org\/chiesedisicilia\/news\/wp-json\/wp\/v2\/posts"}],"about":[{"href":"https:\/\/www.chiesedisicilia.org\/chiesedisicilia\/news\/wp-json\/wp\/v2\/types\/post"}],"author":[{"embeddable":true,"href":"https:\/\/www.chiesedisicilia.org\/chiesedisicilia\/news\/wp-json\/wp\/v2\/users\/4"}],"replies":[{"embeddable":true,"href":"https:\/\/www.chiesedisicilia.org\/chiesedisicilia\/news\/wp-json\/wp\/v2\/comments?post=10534"}],"version-history":[{"count":1,"href":"https:\/\/www.chiesedisicilia.org\/chiesedisicilia\/news\/wp-json\/wp\/v2\/posts\/10534\/revisions"}],"predecessor-version":[{"id":10537,"href":"https:\/\/www.chiesedisicilia.org\/chiesedisicilia\/news\/wp-json\/wp\/v2\/posts\/10534\/revisions\/10537"}],"wp:featuredmedia":[{"embeddable":true,"href":"https:\/\/www.chiesedisicilia.org\/chiesedisicilia\/news\/wp-json\/wp\/v2\/media\/10535"}],"wp:attachment":[{"href":"https:\/\/www.chiesedisicilia.org\/chiesedisicilia\/news\/wp-json\/wp\/v2\/media?parent=10534"}],"wp:term":[{"taxonomy":"category","embeddable":true,"href":"https:\/\/www.chiesedisicilia.org\/chiesedisicilia\/news\/wp-json\/wp\/v2\/categories?post=10534"},{"taxonomy":"post_tag","embeddable":true,"href":"https:\/\/www.chiesedisicilia.org\/chiesedisicilia\/news\/wp-json\/wp\/v2\/tags?post=10534"},{"taxonomy":"news-destination","embeddable":true,"href":"https:\/\/www.chiesedisicilia.org\/chiesedisicilia\/news\/wp-json\/wp\/v2\/news-destination?post=10534"},{"taxonomy":"news-source","embeddable":true,"href":"https:\/\/www.chiesedisicilia.org\/chiesedisicilia\/news\/wp-json\/wp\/v2\/news-source?post=10534"},{"taxonomy":"is_homepage","embeddable":true,"href":"https:\/\/www.chiesedisicilia.org\/chiesedisicilia\/news\/wp-json\/wp\/v2\/is_homepage?post=10534"},{"taxonomy":"ta_other","embeddable":true,"href":"https:\/\/www.chiesedisicilia.org\/chiesedisicilia\/news\/wp-json\/wp\/v2\/ta_other?post=10534"}],"curies":[{"name":"wp","href":"https:\/\/api.w.org\/{rel}","templated":true}]}}