{"id":1051,"date":"2014-05-16T16:38:00","date_gmt":"2014-05-16T14:38:00","guid":{"rendered":"http:\/\/wptestsite.tecnavia.com\/chiesedisicilia_clientsite\/news\/2014\/05\/16\/acireale-piccola-assisi-preghiera-interreligiosa\/"},"modified":"2018-11-09T10:52:54","modified_gmt":"2018-01-13T10:52:54","slug":"acireale-piccola-assisi-preghiera-interreligiosa","status":"publish","type":"post","link":"https:\/\/www.chiesedisicilia.org\/2014\/05\/16\/acireale-piccola-assisi-preghiera-interreligiosa\/","title":{"rendered":"ACIREALE. &#8220;PICCOLA ASSISI&#8221;: PREGHIERA INTERRELIGIOSA"},"content":{"rendered":"<p class=\"MsoNoSpacing\"><span style=\"font-size: medium;\"><span style=\"font-family: 'Times New Roman';\"><span class=\"MsoSubtleEmphasis\">La parrocchia Maria SS.ma di Porto Salvo in Altarello di Giarre &#8211; Riposto organizza la celebrazione della &#8220;Piccola Assisi&#8221;, un incontro di preghiera per la pace con i rappresentanti delle diverse fedi religiose. Mercoled\u00ec 14 maggio, alle ore 19, l&#8217;incontro, che sar\u00e0 presieduto dal Vescovo mons. Antonino Raspanti e che vedr\u00e0 inoltre la partecipazione dei rappresentati di fede ortodossa, battista e valdese, ebraica, induista, buddista, musulmana, hare krishna.<\/span><\/span><\/span><span class=\"MsoSubtleEmphasis\"><span style=\"font-size: 12pt; font-family: 'Times New Roman', serif;\"><o:p><\/o:p><\/span><\/span><\/p>\n<p class=\"MsoNoSpacing\"><span style=\"font-size: medium;\"><span style=\"font-family: 'Times New Roman';\"><span class=\"MsoSubtleEmphasis\">L&#8217;unit\u00e0 per invocare il dono della pace sar\u00e0 simboleggiato da un braciere in cui i rappresentanti delle diverse fedi bruceranno dell&#8217;incenso al termine della propria preghiera. <\/span><\/span><\/span><span class=\"MsoSubtleEmphasis\"><span style=\"font-size: 12pt; font-family: 'Times New Roman', serif;\"><o:p><\/o:p><\/span><\/span><\/p>\n<p class=\"MsoNoSpacing\"><span style=\"font-size: medium;\"><span style=\"font-family: 'Times New Roman';\"><span class=\"MsoSubtleEmphasis\">Tra le autorit\u00e0 \u00e8 prevista la partecipazione del prefetto di Catania, dei questori di Catania e Acireale e dei sindaci di Giarre e Riposto. [01]<\/span><\/span><\/span><span class=\"MsoSubtleEmphasis\"><span style=\"font-size: 12pt; font-family: 'Times New Roman', serif;\"><o:p><\/o:p><\/span><\/span><\/p>\n","protected":false},"excerpt":{"rendered":"","protected":false},"author":1,"featured_media":0,"comment_status":"open","ping_status":"open","sticky":false,"template":"","format":"standard","meta":[],"categories":[30],"tags":[],"news-destination":[],"news-source":[],"is_homepage":[],"ta_other":[],"_links":{"self":[{"href":"https:\/\/www.chiesedisicilia.org\/chiesedisicilia\/news\/wp-json\/wp\/v2\/posts\/1051"}],"collection":[{"href":"https:\/\/www.chiesedisicilia.org\/chiesedisicilia\/news\/wp-json\/wp\/v2\/posts"}],"about":[{"href":"https:\/\/www.chiesedisicilia.org\/chiesedisicilia\/news\/wp-json\/wp\/v2\/types\/post"}],"author":[{"embeddable":true,"href":"https:\/\/www.chiesedisicilia.org\/chiesedisicilia\/news\/wp-json\/wp\/v2\/users\/1"}],"replies":[{"embeddable":true,"href":"https:\/\/www.chiesedisicilia.org\/chiesedisicilia\/news\/wp-json\/wp\/v2\/comments?post=1051"}],"version-history":[{"count":1,"href":"https:\/\/www.chiesedisicilia.org\/chiesedisicilia\/news\/wp-json\/wp\/v2\/posts\/1051\/revisions"}],"predecessor-version":[{"id":19536,"href":"https:\/\/www.chiesedisicilia.org\/chiesedisicilia\/news\/wp-json\/wp\/v2\/posts\/1051\/revisions\/19536"}],"wp:attachment":[{"href":"https:\/\/www.chiesedisicilia.org\/chiesedisicilia\/news\/wp-json\/wp\/v2\/media?parent=1051"}],"wp:term":[{"taxonomy":"category","embeddable":true,"href":"https:\/\/www.chiesedisicilia.org\/chiesedisicilia\/news\/wp-json\/wp\/v2\/categories?post=1051"},{"taxonomy":"post_tag","embeddable":true,"href":"https:\/\/www.chiesedisicilia.org\/chiesedisicilia\/news\/wp-json\/wp\/v2\/tags?post=1051"},{"taxonomy":"news-destination","embeddable":true,"href":"https:\/\/www.chiesedisicilia.org\/chiesedisicilia\/news\/wp-json\/wp\/v2\/news-destination?post=1051"},{"taxonomy":"news-source","embeddable":true,"href":"https:\/\/www.chiesedisicilia.org\/chiesedisicilia\/news\/wp-json\/wp\/v2\/news-source?post=1051"},{"taxonomy":"is_homepage","embeddable":true,"href":"https:\/\/www.chiesedisicilia.org\/chiesedisicilia\/news\/wp-json\/wp\/v2\/is_homepage?post=1051"},{"taxonomy":"ta_other","embeddable":true,"href":"https:\/\/www.chiesedisicilia.org\/chiesedisicilia\/news\/wp-json\/wp\/v2\/ta_other?post=1051"}],"curies":[{"name":"wp","href":"https:\/\/api.w.org\/{rel}","templated":true}]}}