{"id":10483,"date":"2019-10-11T16:46:33","date_gmt":"2019-10-11T14:46:33","guid":{"rendered":"http:\/\/www.chiesedisicilia.org\/chiesedisicilia\/?p=10483"},"modified":"2019-10-11T16:49:39","modified_gmt":"2018-12-15T16:49:39","slug":"furto-alla-mensa-caritas-di-librino","status":"publish","type":"post","link":"https:\/\/www.chiesedisicilia.org\/2019\/10\/11\/furto-alla-mensa-caritas-di-librino\/","title":{"rendered":"FURTO ALLA MENSA CARITAS DI LIBRINO"},"content":{"rendered":"<p>Furto e vandalismo alla mensa della Caritas di Catania. Una nota dell\u2019ufficio stampa fa sapere che la scorsa notte ignoti si sono introdotti illegalmente nei locali della Mensa \u201cBeato Dusmet\u201d di Librino, ospitata presso la parrocchia Resurrezione del Signore, e hanno rubato un&#8217;affettatrice. \u201c<em>Si tratta di uno strumento necessario per la preparazione dei pasti che<\/em> \u2013 si legge nella nota &#8211;<em> per quattro volte a settimana, al pranzo del luned\u00ec, mercoled\u00ec, venerd\u00ec e sabato, vengono serviti ai pi\u00f9 bisognosi, quasi esclusivamente italiani<\/em>\u201d.<\/p>\n<p>Si tratta del primo caso di furto nei tre anni di attivit\u00e0 della struttura che costituisce anche un presidio di conforto per i tanti fratelli che si trovano in situazione di bisogno. Sono anche stati arrecati danni alla struttura e all&#8217;attrezzatura della mensa, con conseguenze non ancora quantificabili in termini economici. \u201c<em>Data anche l&#8217;esigenza della domanda<\/em> \u2013 fa sapere la Caritas &#8211;<em>, i volontari, seppur tra maggiori difficolt\u00e0, continueranno a prestare il proprio servizio<\/em>\u201d. Per ogni servizio la mensa offre circa 200 pasti.<\/p>\n<p><strong>Don Piero Galvano, direttore della Caritas di Catania<\/strong>, ha invitato i \u201c<em>fratelli ladri<\/em>\u201d a rivolgersi a loro piuttosto che arrecare danni che si ripercuotono su chi \u00e8 nel bisogno: \u201c<em>La Caritas \u00e8 sempre aperta<\/em> \u2013 ha detto &#8211;<em>, accoglie tutti e pu\u00f2 offrire aiuto in tanti modi: tramite i pasti delle due mense, con i Centri di Ascolto e anche con uno specifico sportello, realizzato in collaborazione con le Acli, per favorire l&#8217;incontro tra domanda e offerta di lavoro<\/em>\u201d.<\/p>\n","protected":false},"excerpt":{"rendered":"","protected":false},"author":4,"featured_media":10484,"comment_status":"closed","ping_status":"closed","sticky":false,"template":"","format":"standard","meta":[],"categories":[30],"tags":[88,623],"news-destination":[],"news-source":[],"is_homepage":[],"ta_other":[],"_links":{"self":[{"href":"https:\/\/www.chiesedisicilia.org\/chiesedisicilia\/news\/wp-json\/wp\/v2\/posts\/10483"}],"collection":[{"href":"https:\/\/www.chiesedisicilia.org\/chiesedisicilia\/news\/wp-json\/wp\/v2\/posts"}],"about":[{"href":"https:\/\/www.chiesedisicilia.org\/chiesedisicilia\/news\/wp-json\/wp\/v2\/types\/post"}],"author":[{"embeddable":true,"href":"https:\/\/www.chiesedisicilia.org\/chiesedisicilia\/news\/wp-json\/wp\/v2\/users\/4"}],"replies":[{"embeddable":true,"href":"https:\/\/www.chiesedisicilia.org\/chiesedisicilia\/news\/wp-json\/wp\/v2\/comments?post=10483"}],"version-history":[{"count":1,"href":"https:\/\/www.chiesedisicilia.org\/chiesedisicilia\/news\/wp-json\/wp\/v2\/posts\/10483\/revisions"}],"predecessor-version":[{"id":10485,"href":"https:\/\/www.chiesedisicilia.org\/chiesedisicilia\/news\/wp-json\/wp\/v2\/posts\/10483\/revisions\/10485"}],"wp:featuredmedia":[{"embeddable":true,"href":"https:\/\/www.chiesedisicilia.org\/chiesedisicilia\/news\/wp-json\/wp\/v2\/media\/10484"}],"wp:attachment":[{"href":"https:\/\/www.chiesedisicilia.org\/chiesedisicilia\/news\/wp-json\/wp\/v2\/media?parent=10483"}],"wp:term":[{"taxonomy":"category","embeddable":true,"href":"https:\/\/www.chiesedisicilia.org\/chiesedisicilia\/news\/wp-json\/wp\/v2\/categories?post=10483"},{"taxonomy":"post_tag","embeddable":true,"href":"https:\/\/www.chiesedisicilia.org\/chiesedisicilia\/news\/wp-json\/wp\/v2\/tags?post=10483"},{"taxonomy":"news-destination","embeddable":true,"href":"https:\/\/www.chiesedisicilia.org\/chiesedisicilia\/news\/wp-json\/wp\/v2\/news-destination?post=10483"},{"taxonomy":"news-source","embeddable":true,"href":"https:\/\/www.chiesedisicilia.org\/chiesedisicilia\/news\/wp-json\/wp\/v2\/news-source?post=10483"},{"taxonomy":"is_homepage","embeddable":true,"href":"https:\/\/www.chiesedisicilia.org\/chiesedisicilia\/news\/wp-json\/wp\/v2\/is_homepage?post=10483"},{"taxonomy":"ta_other","embeddable":true,"href":"https:\/\/www.chiesedisicilia.org\/chiesedisicilia\/news\/wp-json\/wp\/v2\/ta_other?post=10483"}],"curies":[{"name":"wp","href":"https:\/\/api.w.org\/{rel}","templated":true}]}}