{"id":1047,"date":"2014-04-10T17:53:00","date_gmt":"2014-04-10T15:53:00","guid":{"rendered":"http:\/\/wptestsite.tecnavia.com\/chiesedisicilia_clientsite\/news\/2014\/04\/10\/acireale-pranzo-di-pasqua-per-i-poveri-della-citta\/"},"modified":"2018-11-09T10:52:54","modified_gmt":"2018-01-13T10:52:54","slug":"acireale-pranzo-di-pasqua-per-i-poveri-della-citta","status":"publish","type":"post","link":"https:\/\/www.chiesedisicilia.org\/2014\/04\/10\/acireale-pranzo-di-pasqua-per-i-poveri-della-citta\/","title":{"rendered":"ACIREALE. PRANZO DI PASQUA PER I POVERI DELLA CITT\u00c0"},"content":{"rendered":"<p class=\"MsoNoSpacing\"><span style=\"font-size: medium;\"><span style=\"font-family: 'Times New Roman';\">Il 13 aprile, Domenica delle Palme, la comunit\u00e0 diocesana di Acireale organizzer\u00e0 alle ore 12.30, presso i locali del Centro di Accoglienza San Camillo, un pranzo con chi vive un grave disagio economico e di emarginazione sociale, in occasione della Santa Pasqua. <\/span><\/span><span style=\"font-size:12.0pt;font-family:\"Times New Roman\",\"serif\"\"><o:p><\/o:p><\/span><\/p>\n<p class=\"MsoNoSpacing\"><span style=\"font-size: medium;\"><span style=\"font-family: 'Times New Roman';\">Al pranzo, organizzato dalla Caritas diocesana con la collaborazione dei Padri Camilliani, della Societ\u00e0 San Vincenzo de&#8217; Paoli e delle Volontarie vincenziane, sar\u00e0 presente anche il Vescovo della Diocesi, mons. Antonino Raspanti, il quale desidera che all&#8217;iniziativa ci sia il coinvolgimento dell&#8217;intera comunit\u00e0 ecclesiale acese. Il pranzo che si consumer\u00e0 sar\u00e0, infatti, il frutto delle raccolte alimentari organizzate nelle ultime due settimane di Quaresima in tutte le parrocchie della citt\u00e0. <\/span><\/span><span style=\"font-size:12.0pt;font-family:\"Times New Roman\",\"serif\"\"><o:p><\/o:p><\/span><\/p>\n<p class=\"MsoNoSpacing\"><span style=\"font-size: medium;\"><span style=\"font-family: 'Times New Roman';\">Il Vescovo, riprendendo il messaggio per la Quaresima di Papa Francesco, tiene a precisare come &#8220;ad imitazione del nostro Maestro, noi cristiani siamo chiamati a guardare le miserie dei fratelli, a toccarle, a farcene carico e a operare concretamente per alleviarle&#8230; [ricordando che] la miseria \u00e8 la povert\u00e0 senza fiducia, senza solidariet\u00e0, senza speranza&#8221;.<\/span><\/span><span style=\"font-size:12.0pt;font-family:\"Times New Roman\",\"serif\"\"><o:p><\/o:p><\/span><\/p>\n<p class=\"MsoNoSpacing\"><span style=\"font-size: medium;\"><span style=\"font-family: 'Times New Roman';\">&#8220;Il pranzo di Pasqua organizzato dalla chiesa acese non intende quindi risolvere il tema delle diverse povert\u00e0, economiche ed esistenziali &#8211; si legge nella nota stampa diffusa dalla Diocesi &#8211; ma certamente potr\u00e0 accendere la speranza in chi, vinto dalla sfiducia, ricever\u00e0 un semplice gesto di solidariet\u00e0 da parte di quei giovani, uomini e donne di buona volont\u00e0, che vorranno far rinascere il sorriso in chi sembra non aver nessun motivo per sorridere alla vita&#8221;. A tal proposito, dopo il pranzo, dalle 15.30 alle 17, ci sar\u00e0 un momento di fraternit\u00e0 con dolci ed animazione da parte dei volontari. [01]<\/span><\/span><span style=\"font-size:12.0pt;font-family:\"Times New Roman\",\"serif\"\"><o:p><\/o:p><\/span><\/p>\n","protected":false},"excerpt":{"rendered":"","protected":false},"author":1,"featured_media":0,"comment_status":"open","ping_status":"open","sticky":false,"template":"","format":"standard","meta":[],"categories":[30],"tags":[],"news-destination":[],"news-source":[],"is_homepage":[],"ta_other":[],"_links":{"self":[{"href":"https:\/\/www.chiesedisicilia.org\/chiesedisicilia\/news\/wp-json\/wp\/v2\/posts\/1047"}],"collection":[{"href":"https:\/\/www.chiesedisicilia.org\/chiesedisicilia\/news\/wp-json\/wp\/v2\/posts"}],"about":[{"href":"https:\/\/www.chiesedisicilia.org\/chiesedisicilia\/news\/wp-json\/wp\/v2\/types\/post"}],"author":[{"embeddable":true,"href":"https:\/\/www.chiesedisicilia.org\/chiesedisicilia\/news\/wp-json\/wp\/v2\/users\/1"}],"replies":[{"embeddable":true,"href":"https:\/\/www.chiesedisicilia.org\/chiesedisicilia\/news\/wp-json\/wp\/v2\/comments?post=1047"}],"version-history":[{"count":1,"href":"https:\/\/www.chiesedisicilia.org\/chiesedisicilia\/news\/wp-json\/wp\/v2\/posts\/1047\/revisions"}],"predecessor-version":[{"id":19532,"href":"https:\/\/www.chiesedisicilia.org\/chiesedisicilia\/news\/wp-json\/wp\/v2\/posts\/1047\/revisions\/19532"}],"wp:attachment":[{"href":"https:\/\/www.chiesedisicilia.org\/chiesedisicilia\/news\/wp-json\/wp\/v2\/media?parent=1047"}],"wp:term":[{"taxonomy":"category","embeddable":true,"href":"https:\/\/www.chiesedisicilia.org\/chiesedisicilia\/news\/wp-json\/wp\/v2\/categories?post=1047"},{"taxonomy":"post_tag","embeddable":true,"href":"https:\/\/www.chiesedisicilia.org\/chiesedisicilia\/news\/wp-json\/wp\/v2\/tags?post=1047"},{"taxonomy":"news-destination","embeddable":true,"href":"https:\/\/www.chiesedisicilia.org\/chiesedisicilia\/news\/wp-json\/wp\/v2\/news-destination?post=1047"},{"taxonomy":"news-source","embeddable":true,"href":"https:\/\/www.chiesedisicilia.org\/chiesedisicilia\/news\/wp-json\/wp\/v2\/news-source?post=1047"},{"taxonomy":"is_homepage","embeddable":true,"href":"https:\/\/www.chiesedisicilia.org\/chiesedisicilia\/news\/wp-json\/wp\/v2\/is_homepage?post=1047"},{"taxonomy":"ta_other","embeddable":true,"href":"https:\/\/www.chiesedisicilia.org\/chiesedisicilia\/news\/wp-json\/wp\/v2\/ta_other?post=1047"}],"curies":[{"name":"wp","href":"https:\/\/api.w.org\/{rel}","templated":true}]}}