{"id":10380,"date":"2019-10-01T09:34:34","date_gmt":"2019-10-01T07:34:34","guid":{"rendered":"http:\/\/www.chiesedisicilia.org\/chiesedisicilia\/?p=10380"},"modified":"2019-10-11T15:59:18","modified_gmt":"2018-12-15T15:59:18","slug":"migrazioni-incontro-di-formazione","status":"publish","type":"post","link":"https:\/\/www.chiesedisicilia.org\/2019\/10\/01\/migrazioni-incontro-di-formazione\/","title":{"rendered":"MIGRAZIONI: INCONTRO DI FORMAZIONE L&#8217;11 e 12 OTTOBRE 2019"},"content":{"rendered":"<p>\u201cNel diritto a viaggiare c\u2019\u00e8 un diritto ad esistere cercando la felicit\u00e0\u201d \u00e8 il titolo dell&#8217;incontro di formazione promosso dall&#8217;Ufficio per le Migrazioni della Conferenza episcopale siciliana per venerd\u00ec 11 e sabato\u00a012 ottobre.<\/p>\n<p><img alt=\"MIGRAZIONI: INCONTRO DI FORMAZIONE L'11 e 12 OTTOBRE 2019\" title=\"MIGRAZIONI: INCONTRO DI FORMAZIONE L'11 e 12 OTTOBRE 2019\" loading=\"lazy\" class=\"size-medium wp-image-10435 alignleft\" src=\"https:\/\/www.chiesedisicilia.org\/chiesedisicilia\/news\/wp-content\/uploads\/sites\/2\/2019\/10\/Mario-Affronti.jpg\" alt=\"\" width=\"300\" height=\"218\" srcset=\"https:\/\/euwps05.newsmemory.com\/chiesedisicilia\/news\/wp-content\/uploads\/sites\/2\/2019\/10\/Mario-Affronti.jpg 460w, https:\/\/euwps05.newsmemory.com\/chiesedisicilia\/news\/wp-content\/uploads\/sites\/2\/2019\/10\/Mario-Affronti-300x218.jpg 300w\" sizes=\"(max-width: 300px) 100vw, 300px\" \/>&#8220;<em>La compassione, l\u2019amore e la gioia sono i sentimenti che interpellano le Chiese di Sicilia in questo primo incontro di formazione nella consapevolezza che siamo tutti fratelli e figli di Dio, pur nella diversit\u00e0. Non si tratta di buonismo ad ogni costo<\/em> &#8211; spiega <b>Mario Affronti, direttore dell&#8217;Ufficio per le Migrazione della CESi<\/b> -, <i>ma di sentimenti che derivano da prossimit\u00e0, vicinanza e conoscenza reale, al di l\u00e0 dei racconti che spesso vengono veicolati da chi invece parla e vive per \u201csentito dire\u201d. E\u2019 il tentativo di realizzare il Vangelo della carit\u00e0 e della gioia nella concretezza della vita. Siamo consapevoli della grande distanza tra la rappresentazione delle migrazioni e la realt\u00e0, con la sua evidenza statistica. Si stenta a capire<\/i> &#8211; continua Affronti &#8211; <i>anche tra i cristiani, che le parole d\u2019ordine del fenomeno non sono \u201ccrisi migratoria e panico morale\u201d ma \u201cstrutturalit\u00e0 e necessariet\u00e0\u201d. Abbiamo bisogno di ritrovare la vera dimensione profetica e di segno dei tempi delle migrazioni oggi in Italia e nella nostra isola, laddove prevale la paura e laddove le migrazioni sono vissute come un problema piuttosto che come un\u2019opportunit\u00e0. Abbiamo bisogno di essere aiutati a saper leggere la realt\u00e0 del nostro mondo alla luce della parole di Ges\u00f9, via, verit\u00e0 e vita<\/i>&#8220;.<\/p>\n<p>I lavori inizieranno nel pomeriggio di venerd\u00ec con la presentazione del Rapporto Immigrazione 2019, a cura di Simone Varisco, e l&#8217;intervento di Carlo Stasolla, sule tema &#8220;<em>Chi sono i Rom e Sinti, Excursus storico sulla pastorale, annuncio del Vangelo<\/em>&#8220;.<\/p>\n<p>Sabato sono previsti gli interventi di Santino Tornesi, su &#8220;<em>Le Chiese di Sicilia e le migrazioni: per un tentativo di percorso comune<\/em>&#8220;, e di Cristina Molfetta su &#8220;<em>Il diritto di asilo in Europa e in Italia<\/em>&#8220;.<\/p>\n<p>L&#8217;incontro si svolger\u00e0 presso il Federico II Palace Hotel, in Contrada Salerno, ad Enna Bassa.<\/p>\n","protected":false},"excerpt":{"rendered":"","protected":false},"author":4,"featured_media":459,"comment_status":"closed","ping_status":"closed","sticky":false,"template":"","format":"standard","meta":[],"categories":[7],"tags":[494,607],"news-destination":[],"news-source":[],"is_homepage":[],"ta_other":[],"_links":{"self":[{"href":"https:\/\/www.chiesedisicilia.org\/chiesedisicilia\/news\/wp-json\/wp\/v2\/posts\/10380"}],"collection":[{"href":"https:\/\/www.chiesedisicilia.org\/chiesedisicilia\/news\/wp-json\/wp\/v2\/posts"}],"about":[{"href":"https:\/\/www.chiesedisicilia.org\/chiesedisicilia\/news\/wp-json\/wp\/v2\/types\/post"}],"author":[{"embeddable":true,"href":"https:\/\/www.chiesedisicilia.org\/chiesedisicilia\/news\/wp-json\/wp\/v2\/users\/4"}],"replies":[{"embeddable":true,"href":"https:\/\/www.chiesedisicilia.org\/chiesedisicilia\/news\/wp-json\/wp\/v2\/comments?post=10380"}],"version-history":[{"count":5,"href":"https:\/\/www.chiesedisicilia.org\/chiesedisicilia\/news\/wp-json\/wp\/v2\/posts\/10380\/revisions"}],"predecessor-version":[{"id":10436,"href":"https:\/\/www.chiesedisicilia.org\/chiesedisicilia\/news\/wp-json\/wp\/v2\/posts\/10380\/revisions\/10436"}],"wp:featuredmedia":[{"embeddable":true,"href":"https:\/\/www.chiesedisicilia.org\/chiesedisicilia\/news\/wp-json\/wp\/v2\/media\/459"}],"wp:attachment":[{"href":"https:\/\/www.chiesedisicilia.org\/chiesedisicilia\/news\/wp-json\/wp\/v2\/media?parent=10380"}],"wp:term":[{"taxonomy":"category","embeddable":true,"href":"https:\/\/www.chiesedisicilia.org\/chiesedisicilia\/news\/wp-json\/wp\/v2\/categories?post=10380"},{"taxonomy":"post_tag","embeddable":true,"href":"https:\/\/www.chiesedisicilia.org\/chiesedisicilia\/news\/wp-json\/wp\/v2\/tags?post=10380"},{"taxonomy":"news-destination","embeddable":true,"href":"https:\/\/www.chiesedisicilia.org\/chiesedisicilia\/news\/wp-json\/wp\/v2\/news-destination?post=10380"},{"taxonomy":"news-source","embeddable":true,"href":"https:\/\/www.chiesedisicilia.org\/chiesedisicilia\/news\/wp-json\/wp\/v2\/news-source?post=10380"},{"taxonomy":"is_homepage","embeddable":true,"href":"https:\/\/www.chiesedisicilia.org\/chiesedisicilia\/news\/wp-json\/wp\/v2\/is_homepage?post=10380"},{"taxonomy":"ta_other","embeddable":true,"href":"https:\/\/www.chiesedisicilia.org\/chiesedisicilia\/news\/wp-json\/wp\/v2\/ta_other?post=10380"}],"curies":[{"name":"wp","href":"https:\/\/api.w.org\/{rel}","templated":true}]}}