{"id":10366,"date":"2019-10-01T16:29:17","date_gmt":"2019-10-01T14:29:17","guid":{"rendered":"http:\/\/www.chiesedisicilia.org\/chiesedisicilia\/?p=10366"},"modified":"2019-10-01T16:29:19","modified_gmt":"2018-12-05T16:29:19","slug":"il-crocifisso-nelle-scuole-nota-del-vescovo-pennisi","status":"publish","type":"post","link":"https:\/\/www.chiesedisicilia.org\/2019\/10\/01\/il-crocifisso-nelle-scuole-nota-del-vescovo-pennisi\/","title":{"rendered":"IL CROCIFISSO NELLE SCUOLE: NOTA DEL VESCOVO PENNISI"},"content":{"rendered":"<p>Il ministro della Pubblica Istruzione ha sollevato un&#8217;inutile polemica con la proposta di togliere il Crocifisso dalle aule scolastiche, con il rischio che questo simbolo universale di fraternit\u00e0 venga strumentalizzato a livello politico e diventi un segno divisivo. Il Ministro non pu\u00f2 non tener conto dei vari pronunciamenti del Consiglio di Stato, della Corte Costituzionale e anche della Grande camera della Corte Europea dei diritti dell&#8217;uomo.<\/p>\n<p>In particolare la VI sezione del Consiglio di Stato, con la decisione n. 556 del 13 febbraio 2006, respinse un ricorso di\u00a0 chi che chiedeva la rimozione del crocefisso nelle aule scolastiche<\/p>\n<p>&#8220;<em>In una sede non religiosa, come la scuola, destinata all&#8217;educazione dei giovani<\/em> \u2013 si legge nella sentenza \u2013 , <em>il crocefisso potr\u00e0 ancora rivestire per i credenti i suaccennati valori religiosi, ma per credenti e non credenti la sua esposizione sar\u00e0 giustificata ed assumer\u00e0 un significato non discriminatorio sotto il profilo religioso, se esso \u00e8 in grado di rappresentare e di richiamare in forma sintetica immediatamente percepibile ed intuibile (al pari di ogni simbolo) valori civilmente rilevanti, e segnatamente quei valori che soggiacciono ed ispirano il nostro ordine costituzionale, fondamento del nostro convivere civile. In tal senso il crocefisso potr\u00e0 svolgere, anche in un orizzonte &#8216;laico&#8217;,<\/em> <em>diverso da quello religioso che gli \u00e8 proprio, una funzione simbolica altamente educativa, a prescindere dalla religione professata dagli alunni<\/em>&#8220;.<\/p>\n<p>In particolare la sentenza del Consiglio di Stato afferma: &#8220;<em>In Italia, il crocefisso \u00e8 atto ad esprimere, appunto in chiave simbolica ma in modo adeguato, l&#8217;origine religiosa dei valori di tolleranza, di rispetto reciproco, di valorizzazione della persona, di affermazione dei suoi diritti, di riguardo alla sua libert\u00e0, di autonomia della coscienza morale nei confronti dell&#8217;autorit\u00e0, di solidariet\u00e0 umana, di rifiuto di ogni discriminazione, che connotano la civilt\u00e0 italiana<\/em>&#8220;.<\/p>\n<p>Questi valori, che hanno impregnato di s\u00e9 tradizioni, modo di vivere, cultura del popolo italiano, soggiacciono ed emergono dalle norme fondamentali della nostra Carta costituzionale, accolte tra i &#8216;Principi fondamentali&#8217; e la Parte I della stessa, e, specificamente, da quelle richiamate dalla Corte costituzionale, delineanti la laicit\u00e0 propria dello Stato italiano&#8221;.<\/p>\n<p>In conclusione recitava la sentenza: &#8220;<em>Si deve pensare al crocefisso come ad un simbolo idoneo ad esprimere l&#8217;elevato fondamento dei valori civili che sono poi i valori che delineano la laicit\u00e0 nell&#8217;attuale ordinamento dello Stato. Nel contesto culturale italiano, appare difficile trovare un altro simbolo, in verit\u00e0, che si presti, pi\u00f9 di esso, a farlo<\/em>&#8220;.<\/p>\n<p>Il Crocifisso, \u00e8 diventato un fenomeno di cultura e di civilt\u00e0 e\u00a0 ha reso la nostra societ\u00e0, pi\u00f9 capace di comprensione, pi\u00f9 capace di accoglienza,\u00a0 pi\u00f9 capace di perdono. Il Crocifisso non pu\u00f2 essere strappato, prima che dalle mura delle nostre scuole o degli edifici pubblici, dal nostro cuore, perch\u00e9 \u00a0\u00e8 simbolo di una sofferenza offerta per amore, del \u00a0nostro comune destino, della misericordia finale, dell&#8217;estrema consolazione, del reciproco perdono, segno di speranza e\u00a0 di solidariet\u00e0 per tutti.<\/p>\n<p style=\"text-align: right\">+ Michele Pennisi, Arcivescovo di Monreale<\/p>\n","protected":false},"excerpt":{"rendered":"<p>Una nota dell\u2019arcivescovo di Monreale, mons. Michele Pennisi, delegato della Conferenza episcopale siciliana per la Scuola e l&#8217;Universita, dopo le recenti notizie di cronaca, collegate ad alcuni dichiarazioni del Ministro per l&#8217;Istruzione, sull\u2019eventualit\u00e0 di togliere i crocifissi dalle scuole.<\/p>\n","protected":false},"author":4,"featured_media":10367,"comment_status":"closed","ping_status":"closed","sticky":false,"template":"","format":"standard","meta":[],"categories":[25],"tags":[],"news-destination":[],"news-source":[],"is_homepage":[],"ta_other":[],"_links":{"self":[{"href":"https:\/\/www.chiesedisicilia.org\/chiesedisicilia\/news\/wp-json\/wp\/v2\/posts\/10366"}],"collection":[{"href":"https:\/\/www.chiesedisicilia.org\/chiesedisicilia\/news\/wp-json\/wp\/v2\/posts"}],"about":[{"href":"https:\/\/www.chiesedisicilia.org\/chiesedisicilia\/news\/wp-json\/wp\/v2\/types\/post"}],"author":[{"embeddable":true,"href":"https:\/\/www.chiesedisicilia.org\/chiesedisicilia\/news\/wp-json\/wp\/v2\/users\/4"}],"replies":[{"embeddable":true,"href":"https:\/\/www.chiesedisicilia.org\/chiesedisicilia\/news\/wp-json\/wp\/v2\/comments?post=10366"}],"version-history":[{"count":1,"href":"https:\/\/www.chiesedisicilia.org\/chiesedisicilia\/news\/wp-json\/wp\/v2\/posts\/10366\/revisions"}],"predecessor-version":[{"id":10368,"href":"https:\/\/www.chiesedisicilia.org\/chiesedisicilia\/news\/wp-json\/wp\/v2\/posts\/10366\/revisions\/10368"}],"wp:featuredmedia":[{"embeddable":true,"href":"https:\/\/www.chiesedisicilia.org\/chiesedisicilia\/news\/wp-json\/wp\/v2\/media\/10367"}],"wp:attachment":[{"href":"https:\/\/www.chiesedisicilia.org\/chiesedisicilia\/news\/wp-json\/wp\/v2\/media?parent=10366"}],"wp:term":[{"taxonomy":"category","embeddable":true,"href":"https:\/\/www.chiesedisicilia.org\/chiesedisicilia\/news\/wp-json\/wp\/v2\/categories?post=10366"},{"taxonomy":"post_tag","embeddable":true,"href":"https:\/\/www.chiesedisicilia.org\/chiesedisicilia\/news\/wp-json\/wp\/v2\/tags?post=10366"},{"taxonomy":"news-destination","embeddable":true,"href":"https:\/\/www.chiesedisicilia.org\/chiesedisicilia\/news\/wp-json\/wp\/v2\/news-destination?post=10366"},{"taxonomy":"news-source","embeddable":true,"href":"https:\/\/www.chiesedisicilia.org\/chiesedisicilia\/news\/wp-json\/wp\/v2\/news-source?post=10366"},{"taxonomy":"is_homepage","embeddable":true,"href":"https:\/\/www.chiesedisicilia.org\/chiesedisicilia\/news\/wp-json\/wp\/v2\/is_homepage?post=10366"},{"taxonomy":"ta_other","embeddable":true,"href":"https:\/\/www.chiesedisicilia.org\/chiesedisicilia\/news\/wp-json\/wp\/v2\/ta_other?post=10366"}],"curies":[{"name":"wp","href":"https:\/\/api.w.org\/{rel}","templated":true}]}}