{"id":10341,"date":"2019-09-25T08:58:12","date_gmt":"2019-09-25T06:58:12","guid":{"rendered":"http:\/\/www.chiesedisicilia.org\/chiesedisicilia\/?p=10341"},"modified":"2019-09-25T08:58:33","modified_gmt":"2018-11-29T08:58:33","slug":"giornata-del-migrante-festa-con-preghiera-canti-e-sport","status":"publish","type":"post","link":"https:\/\/www.chiesedisicilia.org\/2019\/09\/25\/giornata-del-migrante-festa-con-preghiera-canti-e-sport\/","title":{"rendered":"GIORNATA DEL MIGRANTE E DEL RIFUGIATO: FESTA CON PREGHIERA, CANTI E SPORT"},"content":{"rendered":"<p>E&#8217; con una veglia di preghiera e un quadrangolare di calcio che a Catania si celebrer\u00e0\u00a0 la Giornata per il Giornata del Migrante e del Rifugiato. L&#8217;iniziativa, dal titolo \u201cNon si tratta solo di migranti\u201d, sar\u00e0 celebrata domenica 29 settembre.<\/p>\n<p>Il programma, stilato dall\u2019Ufficio per la pastorale di migranti, si aprir\u00e0 gi\u00e0 <strong>mercoled\u00ec 25 settembre<\/strong>, alle ore 20, nella chiesa di Santa Maria Ogninella, dove sar\u00e0 celebrata una veglia di preghiera in memoria delle vittime del mare nei viaggi verso l\u2019Europa. Si tratta di un appuntamento tradizionale che ogni anno rafforza il rapporto di fede e solidariet\u00e0 con le comunit\u00e0 multietniche della citt\u00e0, in particolare con quelle cristiane di rito cattolico. La veglia, presieduta dal vicario generale mons. Salvatore Genchi, sar\u00e0 animata anche dagli stessi migranti: srilankesi di lingua cingalesi e tamil, mauriziani, africani e polacchi uniti in un solo credo. Durante la veglia saranno letti brani estratti dal messaggio che Papa Francesco ogni anno dedica alla giornata.<\/p>\n<p><strong>Sabato 28 settembre<\/strong>, alle 18, al campo sportivo XXXI Maggio si svolger\u00e0 la finale del quadrangolare di calcio tra migranti e richiedenti asilo di Mauritius e Gambia.<\/p>\n<p><strong>Domenica 29 settembre<\/strong>, alle 17.15, in piazza Universit\u00e0, il raduno delle comunit\u00e0 multietniche in costume tradizionale e inizio della processione verso la basilica cattedrale dove, alle 18, mons. Salvatore Gristina, arcivescovo di Catania, celebrer\u00e0 la messa. In serata, alle 20, momento di fraternit\u00e0 all\u2019oratorio San Filippo Neri.<\/p>\n","protected":false},"excerpt":{"rendered":"","protected":false},"author":4,"featured_media":10339,"comment_status":"closed","ping_status":"closed","sticky":false,"template":"","format":"standard","meta":[],"categories":[30],"tags":[88,597],"news-destination":[],"news-source":[],"is_homepage":[],"ta_other":[],"_links":{"self":[{"href":"https:\/\/www.chiesedisicilia.org\/chiesedisicilia\/news\/wp-json\/wp\/v2\/posts\/10341"}],"collection":[{"href":"https:\/\/www.chiesedisicilia.org\/chiesedisicilia\/news\/wp-json\/wp\/v2\/posts"}],"about":[{"href":"https:\/\/www.chiesedisicilia.org\/chiesedisicilia\/news\/wp-json\/wp\/v2\/types\/post"}],"author":[{"embeddable":true,"href":"https:\/\/www.chiesedisicilia.org\/chiesedisicilia\/news\/wp-json\/wp\/v2\/users\/4"}],"replies":[{"embeddable":true,"href":"https:\/\/www.chiesedisicilia.org\/chiesedisicilia\/news\/wp-json\/wp\/v2\/comments?post=10341"}],"version-history":[{"count":2,"href":"https:\/\/www.chiesedisicilia.org\/chiesedisicilia\/news\/wp-json\/wp\/v2\/posts\/10341\/revisions"}],"predecessor-version":[{"id":10343,"href":"https:\/\/www.chiesedisicilia.org\/chiesedisicilia\/news\/wp-json\/wp\/v2\/posts\/10341\/revisions\/10343"}],"wp:featuredmedia":[{"embeddable":true,"href":"https:\/\/www.chiesedisicilia.org\/chiesedisicilia\/news\/wp-json\/wp\/v2\/media\/10339"}],"wp:attachment":[{"href":"https:\/\/www.chiesedisicilia.org\/chiesedisicilia\/news\/wp-json\/wp\/v2\/media?parent=10341"}],"wp:term":[{"taxonomy":"category","embeddable":true,"href":"https:\/\/www.chiesedisicilia.org\/chiesedisicilia\/news\/wp-json\/wp\/v2\/categories?post=10341"},{"taxonomy":"post_tag","embeddable":true,"href":"https:\/\/www.chiesedisicilia.org\/chiesedisicilia\/news\/wp-json\/wp\/v2\/tags?post=10341"},{"taxonomy":"news-destination","embeddable":true,"href":"https:\/\/www.chiesedisicilia.org\/chiesedisicilia\/news\/wp-json\/wp\/v2\/news-destination?post=10341"},{"taxonomy":"news-source","embeddable":true,"href":"https:\/\/www.chiesedisicilia.org\/chiesedisicilia\/news\/wp-json\/wp\/v2\/news-source?post=10341"},{"taxonomy":"is_homepage","embeddable":true,"href":"https:\/\/www.chiesedisicilia.org\/chiesedisicilia\/news\/wp-json\/wp\/v2\/is_homepage?post=10341"},{"taxonomy":"ta_other","embeddable":true,"href":"https:\/\/www.chiesedisicilia.org\/chiesedisicilia\/news\/wp-json\/wp\/v2\/ta_other?post=10341"}],"curies":[{"name":"wp","href":"https:\/\/api.w.org\/{rel}","templated":true}]}}