{"id":10265,"date":"2019-09-11T09:01:34","date_gmt":"2019-09-11T07:01:34","guid":{"rendered":"http:\/\/www.chiesedisicilia.org\/chiesedisicilia\/?p=10265"},"modified":"2019-09-25T08:48:57","modified_gmt":"2018-11-29T08:48:57","slug":"fraternita-presbiteriale-balsamo-di-misericordia-incontro-nazionale-dei-missionari-della-misericordia","status":"publish","type":"post","link":"https:\/\/www.chiesedisicilia.org\/2019\/09\/11\/fraternita-presbiteriale-balsamo-di-misericordia-incontro-nazionale-dei-missionari-della-misericordia\/","title":{"rendered":"\u201cFRATERNIT\u00c0 PRESBITERIALE, BALSAMO DI MISERICORDIA\u201d. INCONTRO NAZIONALE DEI MISSIONARI DELLA MISERICORDIA"},"content":{"rendered":"<p>Con la Lettera Apostolica\u00a0\u00a0Misericordia et misera,\u00a0il Santo Padre ha prolungato questo ministero straordinario oltre l\u2019Anno Santo, chiedendo ai Missionari della Misericordia, di continuare ad essere testimoni privilegiati della straordinariet\u00e0 dell\u2019evento giubilare, di annunciare la bellezza della misericordia di Dio ed essere confessori umili e sapienti\u00a0 assolvendo anche i casi riservati alla Sede Apostolica.<\/p>\n<p>\u201c<em>Diversi sono i motivi che hanno determinato la scelta della citt\u00e0 di Gela, quale luogo di questo primo raduno, la quale, vivendo un forte legame con la Misericordia<\/em> \u2013 afferma <strong>don Pasqualino di Dio, Missionario della Misericordia<\/strong> &#8211; <em>ogni anno si adopera per la realizzazione annuale del Congresso della Misericordia, giunto alla sua decima edizione, e concilia il messaggio biblico della Misericordia con le tante attivit\u00e0 di carit\u00e0 e di promozione umana in una realt\u00e0, la Piccola Casa della Misericordia, che opera nel territorio e nei paesi limitrofi. Numerosi i sacerdoti Missionari della Misericordia, provenienti da varie parti d\u2019Italia che parteciperanno all\u2019incontro che avr\u00e0 carattere decisamene fraterno, di condivisione di esperienze\u00a0 e momenti di preghiera e formazione<\/em>\u201d.<\/p>\n<p>Nel dettaglio il programma prevede, nel pomeriggio del 25 settembre, dopo la preghiera di inizio e l\u2019introduzione di mons. Francesco Spinelli, Officiale del Pontificio Consiglio per la Promozione della Nuova Evangelizzazione, l&#8217;intervento su \u201cProspettive pastorali per una corretta e fruttuosa celebrazione del Sacramento della Riconciliazione nelle nostre comunit\u00e0\u201d, a cura di don Giuseppe Buccellato, Docente di Teologia spirituale presso lo Studio Teologico \u201cSan Paolo\u201d di Catania. Alle ore 19, presso la Chiesa madre di Gela, la Celebrazione Eucaristica presieduta da mons. Rino Fisichella\u00a0Presidente del Pontificio Consiglio per la Promozione della Nuova Evangelizzazione\u00a0e Coordinatore generale dei Missionari della Misericordia del mondo. Concelebreranno: mons. Jos\u00e8 Octavio Ruiz Arenas,\u00a0Segretario del Pontificio Consiglio per la Promozione della Nuova Evangelizzazione, e mons. Rosario Gisana,\u00a0vescovo di Piazza Armerina.<\/p>\n<p>Alle ore 20.30 l&#8217;inaugurazione della \u201cBottega di Nazareth\u201d, negozio solidale gestito dalla cooperativa sociale \u201cRaphael\u201d. Esporr\u00e0 e vender\u00e0 on-line (www.raphaelcoop.it) i prodotti realizzati dagli assistiti dell\u2019Associazione \u201cDives in Misericordia, Onlus\u201d all\u2019interno dei laboratori di falegnameria, ceramica e sartoria. Il cui ricavato andr\u00e0 a sostenere le attivit\u00e0 della Piccola Casa della Misericordia che attraverso la mensa, il dormitorio, l\u2019ambulatorio e altri servizi si occupa dell\u2019inclusione sociale e delle famiglie disagiate del territorio. La \u201cBottega di Nazareth\u201d diverr\u00e0\u00a0 inoltre\u00a0 un info point turistico per far conoscere le bellezze artistiche della citt\u00e0.<\/p>\n<p>Gioved\u00ec 26 settembre l&#8217;incontro proseguir\u00e0 con l\u2019Adorazione eucaristica e la Lectio Divina di\u00a0 don Angelo Passaro, docente di Esegesi dell\u2019Antico Testamento presso la Pontificia Facolt\u00e0 Teologica di Sicilia. Due gli intervento\u00f9i previsti:\u00a0di Don Gianni Notari, Docente di Antropologia culturale e di Sociologia presso la Pontificia Facolt\u00e0 Teologica di Sicilia, su \u201c\u00a0Un nuovo spazio per la fragilit\u00e0: i social come nuovi confessionali\u201d e di don Vito Impellizzeri,\u00a0 missionario della Misericordia e docente di Teologia Fondamentale presso la Pontificia Facolt\u00e0 Teologica di Sicilia, su\u201c\u00a0Fraternit\u00e0 presbiterale, balsamo di Misericordia\u201d. L\u2019incontro si concluder\u00e0 con la \u00a0Celebrazione eucaristica presieduta, a mezzogiorno, dal vescovo\u00a0mons. Gisana.<\/p>\n<p>Sede dell&#8217;incontro sar\u00e0 l\u2019Hotel Villa Peretti.<\/p>\n","protected":false},"excerpt":{"rendered":"<p>Si svolger\u00e0 a Gela, il 25 e il 26 settembre, l\u2019Incontro nazionale dei Missionari della Misericordia. Il tema di riflessione scelto \u00e8 \u201cFraternit\u00e0 presbiteriale, balsamo di Misericordia\u201d.<\/p>\n","protected":false},"author":4,"featured_media":10266,"comment_status":"closed","ping_status":"closed","sticky":false,"template":"","format":"standard","meta":[],"categories":[30,7],"tags":[585,466],"news-destination":[],"news-source":[],"is_homepage":[],"ta_other":[],"_links":{"self":[{"href":"https:\/\/www.chiesedisicilia.org\/chiesedisicilia\/news\/wp-json\/wp\/v2\/posts\/10265"}],"collection":[{"href":"https:\/\/www.chiesedisicilia.org\/chiesedisicilia\/news\/wp-json\/wp\/v2\/posts"}],"about":[{"href":"https:\/\/www.chiesedisicilia.org\/chiesedisicilia\/news\/wp-json\/wp\/v2\/types\/post"}],"author":[{"embeddable":true,"href":"https:\/\/www.chiesedisicilia.org\/chiesedisicilia\/news\/wp-json\/wp\/v2\/users\/4"}],"replies":[{"embeddable":true,"href":"https:\/\/www.chiesedisicilia.org\/chiesedisicilia\/news\/wp-json\/wp\/v2\/comments?post=10265"}],"version-history":[{"count":2,"href":"https:\/\/www.chiesedisicilia.org\/chiesedisicilia\/news\/wp-json\/wp\/v2\/posts\/10265\/revisions"}],"predecessor-version":[{"id":10268,"href":"https:\/\/www.chiesedisicilia.org\/chiesedisicilia\/news\/wp-json\/wp\/v2\/posts\/10265\/revisions\/10268"}],"wp:featuredmedia":[{"embeddable":true,"href":"https:\/\/www.chiesedisicilia.org\/chiesedisicilia\/news\/wp-json\/wp\/v2\/media\/10266"}],"wp:attachment":[{"href":"https:\/\/www.chiesedisicilia.org\/chiesedisicilia\/news\/wp-json\/wp\/v2\/media?parent=10265"}],"wp:term":[{"taxonomy":"category","embeddable":true,"href":"https:\/\/www.chiesedisicilia.org\/chiesedisicilia\/news\/wp-json\/wp\/v2\/categories?post=10265"},{"taxonomy":"post_tag","embeddable":true,"href":"https:\/\/www.chiesedisicilia.org\/chiesedisicilia\/news\/wp-json\/wp\/v2\/tags?post=10265"},{"taxonomy":"news-destination","embeddable":true,"href":"https:\/\/www.chiesedisicilia.org\/chiesedisicilia\/news\/wp-json\/wp\/v2\/news-destination?post=10265"},{"taxonomy":"news-source","embeddable":true,"href":"https:\/\/www.chiesedisicilia.org\/chiesedisicilia\/news\/wp-json\/wp\/v2\/news-source?post=10265"},{"taxonomy":"is_homepage","embeddable":true,"href":"https:\/\/www.chiesedisicilia.org\/chiesedisicilia\/news\/wp-json\/wp\/v2\/is_homepage?post=10265"},{"taxonomy":"ta_other","embeddable":true,"href":"https:\/\/www.chiesedisicilia.org\/chiesedisicilia\/news\/wp-json\/wp\/v2\/ta_other?post=10265"}],"curies":[{"name":"wp","href":"https:\/\/api.w.org\/{rel}","templated":true}]}}