{"id":10241,"date":"2019-09-17T13:42:02","date_gmt":"2019-09-17T11:42:02","guid":{"rendered":"http:\/\/www.chiesedisicilia.org\/chiesedisicilia\/?p=10241"},"modified":"2019-09-17T13:42:04","modified_gmt":"2018-11-21T13:42:04","slug":"mons-mogavero-nel-piano-pastorale-superare-la-differenza-di-linguaggio-tra-giovani-e-adulti","status":"publish","type":"post","link":"https:\/\/www.chiesedisicilia.org\/2019\/09\/17\/mons-mogavero-nel-piano-pastorale-superare-la-differenza-di-linguaggio-tra-giovani-e-adulti\/","title":{"rendered":"MONS. MOGAVERO NEL PIANO PASTORALE: \u201cSUPERARE LA DIFFERENZA DI LINGUAGGIO TRA GIOVANI E ADULTI\u201d"},"content":{"rendered":"<p>Per il <strong>vescovo di Mazara del Vallo, mons. Domenico Mogavero<\/strong>, i giovani sono \u201c<em>un\u2019opportunit\u00e0 provvidenziale per aprire gli occhi su una realt\u00e0 che chiede di essere analizzata e interpretata<\/em>\u201d. A loro \u00e8 dedicato il piano pastorale per l&#8217;anno che inizia, che il presule ha presentato in cattedrale, alla presenza di fedeli e dei presbiteri della diocesi. Un testo che rilancia il progetto educativo di pastorale giovanile diocesano quadriennale 2017-2021 \u201cAbitare coi giovani\u201d.Per mons. Mogavero, \u201cs<em>pesso i giovani non vengono ascoltati e tra di loro e gli adulti c\u2019\u00e8 una differenza di linguaggio, spesso assenza di sintonia: noi adulti siamo capaci di essere \u2018significativi\u2019 per i nostri giovani?<\/em>\u2019 \u2013 ha chiesto &#8211; <em>Stiamo rischiando seriamente di perdere i contatti con il mondo adolescenziale e giovanile per mancanza di connessione<\/em>\u201d.<\/p>\n<p>Poi l\u2019invito ai presbiteri a uscire fuori dagli ambienti parrocchiali, \u201c<em>ad andare nei luoghi \u2018abitati\u2019 dai giovani e tradurre il Piano in azioni concrete attraverso una metodologia chiara<\/em>\u201d.<\/p>\n<p>Intanto in diocesi \u00e8 nata quest\u2019anno la \u201c<em>Cattedra per i giovani<\/em>\u201d, rivolta alla formazione per l\u2019accompagnamento giovanile e anche la formazione permanente del clero, ha ribadito il vescovo, \u201c<em>avr\u00e0 quest\u2019anno per oggetto l\u2019approfondimento di tematiche riguardanti la pastorale giovanile<\/em>\u201d. Infine, nel programma della diocesi anche i centri di ascolto nelle scuole, che saranno rafforzati, e il rilancio del \u201cProgetto Policoro\u201d con le sue opportunit\u00e0 di sostegno all\u2019imprenditorialit\u00e0 giovanile, \u201c<em>in un\u2019ottica di sussidiariet\u00e0, solidariet\u00e0 e legalit\u00e0<\/em>\u201d. Un ulteriore strumento sar\u00e0 l\u2019istituzione di piccoli centri giovanili come luoghi di accoglienza e integrazione.<\/p>\n","protected":false},"excerpt":{"rendered":"","protected":false},"author":4,"featured_media":8654,"comment_status":"closed","ping_status":"closed","sticky":false,"template":"","format":"standard","meta":[],"categories":[30],"tags":[236,576],"news-destination":[],"news-source":[],"is_homepage":[],"ta_other":[],"_links":{"self":[{"href":"https:\/\/www.chiesedisicilia.org\/chiesedisicilia\/news\/wp-json\/wp\/v2\/posts\/10241"}],"collection":[{"href":"https:\/\/www.chiesedisicilia.org\/chiesedisicilia\/news\/wp-json\/wp\/v2\/posts"}],"about":[{"href":"https:\/\/www.chiesedisicilia.org\/chiesedisicilia\/news\/wp-json\/wp\/v2\/types\/post"}],"author":[{"embeddable":true,"href":"https:\/\/www.chiesedisicilia.org\/chiesedisicilia\/news\/wp-json\/wp\/v2\/users\/4"}],"replies":[{"embeddable":true,"href":"https:\/\/www.chiesedisicilia.org\/chiesedisicilia\/news\/wp-json\/wp\/v2\/comments?post=10241"}],"version-history":[{"count":1,"href":"https:\/\/www.chiesedisicilia.org\/chiesedisicilia\/news\/wp-json\/wp\/v2\/posts\/10241\/revisions"}],"predecessor-version":[{"id":10242,"href":"https:\/\/www.chiesedisicilia.org\/chiesedisicilia\/news\/wp-json\/wp\/v2\/posts\/10241\/revisions\/10242"}],"wp:featuredmedia":[{"embeddable":true,"href":"https:\/\/www.chiesedisicilia.org\/chiesedisicilia\/news\/wp-json\/wp\/v2\/media\/8654"}],"wp:attachment":[{"href":"https:\/\/www.chiesedisicilia.org\/chiesedisicilia\/news\/wp-json\/wp\/v2\/media?parent=10241"}],"wp:term":[{"taxonomy":"category","embeddable":true,"href":"https:\/\/www.chiesedisicilia.org\/chiesedisicilia\/news\/wp-json\/wp\/v2\/categories?post=10241"},{"taxonomy":"post_tag","embeddable":true,"href":"https:\/\/www.chiesedisicilia.org\/chiesedisicilia\/news\/wp-json\/wp\/v2\/tags?post=10241"},{"taxonomy":"news-destination","embeddable":true,"href":"https:\/\/www.chiesedisicilia.org\/chiesedisicilia\/news\/wp-json\/wp\/v2\/news-destination?post=10241"},{"taxonomy":"news-source","embeddable":true,"href":"https:\/\/www.chiesedisicilia.org\/chiesedisicilia\/news\/wp-json\/wp\/v2\/news-source?post=10241"},{"taxonomy":"is_homepage","embeddable":true,"href":"https:\/\/www.chiesedisicilia.org\/chiesedisicilia\/news\/wp-json\/wp\/v2\/is_homepage?post=10241"},{"taxonomy":"ta_other","embeddable":true,"href":"https:\/\/www.chiesedisicilia.org\/chiesedisicilia\/news\/wp-json\/wp\/v2\/ta_other?post=10241"}],"curies":[{"name":"wp","href":"https:\/\/api.w.org\/{rel}","templated":true}]}}