{"id":10210,"date":"2019-09-11T07:50:10","date_gmt":"2019-09-11T05:50:10","guid":{"rendered":"http:\/\/www.chiesedisicilia.org\/chiesedisicilia\/?p=10210"},"modified":"2019-09-11T07:50:30","modified_gmt":"2018-11-15T07:50:30","slug":"vicinanza-alla-donna-vittima-di-violenza-occorre-un-grande-patto-per-leducazione-e-la-legalita","status":"publish","type":"post","link":"https:\/\/www.chiesedisicilia.org\/2019\/09\/11\/vicinanza-alla-donna-vittima-di-violenza-occorre-un-grande-patto-per-leducazione-e-la-legalita\/","title":{"rendered":"VICINANZA ALLA DONNA VITTIMA DI VIOLENZA: \u201cOCCORRE UN GRANDE PATTO PER L&#8217;EDUCAZIONE E LA LEGALITA'&#8221;"},"content":{"rendered":"<p>&#8220;<em>Il vescovo di Ragusa mons. Carmelo Cuttitta manifesta vicinanza alla vittima dell\u2019odioso episodio di violenza registratosi nei giorni scorsi. Ancora una volta i riflettori dei media si sono accesi su questa terra per un dramma che rischia di lasciare una ferita profonda nella vittima e una ulteriore lacerazione nel tessuto sociale<\/em>&#8220;. Cos\u00ec una nota stampa diffusa dall&#8217;Ufficio per le Comunicazioni sociali della diocesi di Ragusa.<\/p>\n<p>La nota prosegue dicendo che: &#8220;<em>il\u00a0vescovo, nel lodare il coraggio della donna che ha contribuito alle indagini portate avanti con scrupolo e professionalit\u00e0 dalla Magistratura e dalle Forze dell\u2019Ordine, invita tutti a compiere passi concreti che vadano nella direzione della legalit\u00e0 e ribadisce l\u2019impegno della comunit\u00e0 ecclesiale su questo versante. Occorre un grande patto per l\u2019educazione e la legalit\u00e0 tra tutti coloro che hanno a cuore le sorti di questa terra. Istituzioni, scuola, Chiesa, famiglia, agenzie educative, servizi sociali, forze dell\u2019ordine, magistratura devono trovare il modo per trasmettere ai giovani quei valori che purtroppo sono sempre meno nel patrimonio genetico delle nuove generazioni. Dispiace constatare che il presunto autore di questo indegno atto di violenza non fosse nuovo a episodi del genere. Lontano da slogan su garantismo, certezza della pena, impunit\u00e0, il vescovo ribadisce la necessit\u00e0 di una giustizia che tuteli i pi\u00f9 deboli e rieduchi chi ha rotto il patto di civile convivenza con la comunit\u00e0. \u00c8 evidente, se i fatti di queste ore dovessero trovare conferma anche a livello giudiziario, che qualcosa non ha funzionato consentendo la reiterazione di un reato di questa gravit\u00e0. Non ci interessa sapere cosa e perch\u00e9 non abbia funzionato, auspichiamo per\u00f2 che simili episodi non abbiano pi\u00f9 a ripetersi e che tra Magistratura, cittadini e forze dell\u2019ordine possa tornare a respirarsi un clima di reciproca fiducia<\/em>&#8220;.<\/p>\n","protected":false},"excerpt":{"rendered":"","protected":false},"author":4,"featured_media":8603,"comment_status":"closed","ping_status":"closed","sticky":false,"template":"","format":"standard","meta":[],"categories":[30],"tags":[126,567],"news-destination":[],"news-source":[],"is_homepage":[],"ta_other":[],"_links":{"self":[{"href":"https:\/\/www.chiesedisicilia.org\/chiesedisicilia\/news\/wp-json\/wp\/v2\/posts\/10210"}],"collection":[{"href":"https:\/\/www.chiesedisicilia.org\/chiesedisicilia\/news\/wp-json\/wp\/v2\/posts"}],"about":[{"href":"https:\/\/www.chiesedisicilia.org\/chiesedisicilia\/news\/wp-json\/wp\/v2\/types\/post"}],"author":[{"embeddable":true,"href":"https:\/\/www.chiesedisicilia.org\/chiesedisicilia\/news\/wp-json\/wp\/v2\/users\/4"}],"replies":[{"embeddable":true,"href":"https:\/\/www.chiesedisicilia.org\/chiesedisicilia\/news\/wp-json\/wp\/v2\/comments?post=10210"}],"version-history":[{"count":1,"href":"https:\/\/www.chiesedisicilia.org\/chiesedisicilia\/news\/wp-json\/wp\/v2\/posts\/10210\/revisions"}],"predecessor-version":[{"id":10211,"href":"https:\/\/www.chiesedisicilia.org\/chiesedisicilia\/news\/wp-json\/wp\/v2\/posts\/10210\/revisions\/10211"}],"wp:featuredmedia":[{"embeddable":true,"href":"https:\/\/www.chiesedisicilia.org\/chiesedisicilia\/news\/wp-json\/wp\/v2\/media\/8603"}],"wp:attachment":[{"href":"https:\/\/www.chiesedisicilia.org\/chiesedisicilia\/news\/wp-json\/wp\/v2\/media?parent=10210"}],"wp:term":[{"taxonomy":"category","embeddable":true,"href":"https:\/\/www.chiesedisicilia.org\/chiesedisicilia\/news\/wp-json\/wp\/v2\/categories?post=10210"},{"taxonomy":"post_tag","embeddable":true,"href":"https:\/\/www.chiesedisicilia.org\/chiesedisicilia\/news\/wp-json\/wp\/v2\/tags?post=10210"},{"taxonomy":"news-destination","embeddable":true,"href":"https:\/\/www.chiesedisicilia.org\/chiesedisicilia\/news\/wp-json\/wp\/v2\/news-destination?post=10210"},{"taxonomy":"news-source","embeddable":true,"href":"https:\/\/www.chiesedisicilia.org\/chiesedisicilia\/news\/wp-json\/wp\/v2\/news-source?post=10210"},{"taxonomy":"is_homepage","embeddable":true,"href":"https:\/\/www.chiesedisicilia.org\/chiesedisicilia\/news\/wp-json\/wp\/v2\/is_homepage?post=10210"},{"taxonomy":"ta_other","embeddable":true,"href":"https:\/\/www.chiesedisicilia.org\/chiesedisicilia\/news\/wp-json\/wp\/v2\/ta_other?post=10210"}],"curies":[{"name":"wp","href":"https:\/\/api.w.org\/{rel}","templated":true}]}}