{"id":10116,"date":"2019-08-21T17:05:09","date_gmt":"2019-08-21T15:05:09","guid":{"rendered":"http:\/\/www.chiesedisicilia.org\/chiesedisicilia\/?p=10116"},"modified":"2019-08-25T17:44:44","modified_gmt":"2018-10-29T17:44:44","slug":"via-i-vicari-per-la-pastorale-e-la-ministerialita-arrivano-tre-vicari-episcopali-di-settore","status":"publish","type":"post","link":"https:\/\/www.chiesedisicilia.org\/2019\/08\/21\/via-i-vicari-per-la-pastorale-e-la-ministerialita-arrivano-tre-vicari-episcopali-di-settore\/","title":{"rendered":"VIA I VICARI PER LA PASTORALE E LA MINISTERIALITA&#8217;: ARRIVANO TRE VICARI EPISCOPALI DI SETTORE"},"content":{"rendered":"<p>&#8220;Dopo un periodo di consultazioni con i miei pi\u00f9 stretti collaboratori, vi rendo note le nuove nomine dei presbiteri che continueranno a servire con amore e dedizione la nostra Chiesa agrigentina, affidata alle mie cure pastorali da Papa Francesco&#8221;. Con queste parole, il card. Francesco Montenegro, arcivescovo di Agrigento, annuncia gli avvicendamenti pastorali.<\/p>\n<p>&#8220;Tutte le nomine richiedono, sia nei presbiteri che nei fedeli loro affidati &#8211; aggiunge -, uno stile di amore e di responsabilit\u00e0 testimoniale volto ad attivare i processi spirituali, pastorali e culturali richiesti da Papa Francesco con l\u2019Evangelii Gaudium. So bene che talvolta gli avvicendamenti possono creare qualche problema, per cui esorto tutti con paterno affetto ad accogliere con spirito di fede le decisioni assunte e condivise&#8221;.<\/p>\n<p>Queste le nuove nomine.<\/p>\n<p><strong>Nomina di Parroco:<\/strong>\u00a0don Giuseppe Alotto, unit\u00e0 pastorale San Nicol\u00f2 di Bari e BMV del Carmelo, a S. Stefano Quisquina; don Giuseppe Argento, parrocchia S. Nicol\u00f2 di Bari, a Ribera; don Filippo Barbera, unit\u00e0 pastorale San Giacomo e BMV di Fatima, a Ravanusa; don Angelo Brancato, unit\u00e0 pastorale BMV di Fatima e BMV del Carmelo, ad Agrigento; don Girolamo Brunetto, unit\u00e0 pastorale Sant&#8217;Eduardo e San Biagio, a Canicatt\u00ec; don Emanuele Casola,\u00a0unit\u00e0 pastorale SS Trinit\u00e0,\u00a0M.SS. del Monte Carmelo e S. Antonio, a Cianciana; don Giorgio Casola,\u00a0unit\u00e0 pastorale BMV del Monte Carmelo e Ges\u00f9 e Maria, a Casteltermini; don Nino Catanzaro,\u00a0parrocchia S. Pietro Apostolo, a Sciacca; don Lillo Colletti, parrocchia S. Vincenzo Ferreri, a Calamonaci; don Giuseppe Coppola, parrocchia SS. Pietro e Paolo, a Montevago; don Antonio\u00a0De Souza, unit\u00e0 pastorale San Pancrazio e S. Spirito, a Canicatt\u00ec; don Mario\u00a0Di Nolfo, parrocchia San Pellegrino, a Fraz. di Sant\u2019Anna di Caltabellotta; don Gioacchino\u00a0Falsone,\u00a0parrocchia SS. Trinit\u00e0, a Porto Empedocle; don Salvatore Lucio\u00a0Fiore, unit\u00e0 pastorale San Domenico Savio e BMV della Piet\u00e0, a Ribera; don Giuseppe Gagliano, parrocchia S. Giuseppe Lavoratore, a Porto Empedocle; don Nino\u00a0Giarraputo, unit\u00e0\u00a0pastorale SS. Rosario e S. Antonio Abate, a Santa Margherita Belice; don Carmelo Lo Bue, unit\u00e0 pastorale San Vincenzo Ferreri e S. Francesco, a Casteltermini; don Domenico Mangione, parrocchia S. Leonardo, a Montallegro; don Giuseppe\u00a0Maniscalco, parrocchia S.Lucia (S.Chiara), a Canicatt\u00ec; don Giuseppe Marciante,\u00a0unit\u00e0 pastorale S. Maria Maddalena e S. Francesco di Paola, a Sciacca; don Giuseppe Pace, unit\u00e0 pastorale Spirito Santo, S. Antonio Abate e BMV della Mercede, a Cattolica Eracea; don Francesco Panzera, parrocchia S. Maria della Piet\u00e0, a Giardina Gallotti, Agrigento; don Ignazio Puccio, unit\u00e0 pastorale Santa Teresa del Bambino Ges\u00f9 e S. Pietro Apostolo, a Ribera; don Giuseppe\u00a0Scozzari, parrocchia SS. Redentore, a Canicatt\u00ec; don Gioacchino Zagarr\u00ec, parrocchia S. Giacomo Apostolo, a Comitini-<\/p>\n<p><strong>Nomina di parroco \u201cin solidum\u201d:<\/strong>\u00a0don Fabio\u00a0Maiorana, pparrocchia S. Gerlando, a Lampedusa; don Ernesto\u00a0Sciacchitano, unit\u00e0 pastorale Maria SS del Buon Consiglio e S. Croce, a Porto Empedocle; don Calogero\u00a0Statello,\u00a0parrocchia SS. Redentore, a Canicatt\u00ec; don Salvatore Zammito, unit\u00e0 pastorale Santa Venera, BMV del Monte Carmelo e S. Rocco, a Grotte.<\/p>\n<p><strong>Nomina di Amministratore:<\/strong><strong>\u00a0<\/strong>don Gaetano\u00a0Montana,\u00a0parrocchia S. Famiglia e Maria SS degli Angeli, a Palma Montechiaro; don Ombeni\u00a0Mupenda, parrocchia Sacra Famiglia, a Ravanusa; don John Ukwenya, parrocchia San Giuseppe Artigiano, a Favara.<\/p>\n<p><strong>Nomina di Vicario parrocchiale:<\/strong><strong>\u00a0<\/strong>don Salvatore\u00a0Attardo, parrocchia BMV del Carmelo, a Sciacca; don Benjamin Milawa, parrocchia S. Nicola, a Fontanelle &#8211; Agrigento; don Marcel\u00a0Ndzana Ndzana,\u00a0parrocchia BMV del Carmelo, ad Agrigento.<\/p>\n<p><strong>Nomina di Rettore e Cappellano:<\/strong><strong>\u00a0<\/strong>don Giovanni Di Liberto, Rettoria Maria SS. Addolorata, a Casteltermini; don Giuseppe\u00a0Livatino, Rettoria San Giuseppe, a Canicatt\u00ec; don Gero Manganello, Rettoria S. Alfonso, ad Agrigento; don Antonino Massaro, Rettoria Maria SS. della Catena, a Santo Stefano Quisquina; don Mario\u00a0Polisano, Cappellano Apostole del Sacro Cuore, a Ravanusa.<\/p>\n<p><strong>Vicari Episcopali per la Pastorale e la Ministerialit\u00e0:\u00a0<\/strong>don Giuseppe <strong>\u00a0<\/strong>Agr\u00f2, Vicario Settore Est, con sede in Canicatt\u00ec; don Leo Argento, Vicario Settore Centro, con sede in Porto Empedocle; don Giuseppe Cumbo, Vicario Settore Ovest, con sede in Ribera<\/p>\n<p><strong>Strutture e Organismi Diocesani:<\/strong><strong>\u00a0<\/strong>Coordinamento Dipartimento Pastorale e Ministeriale a don Rino Lauricella; Vice-Cancelliere, don Antonio Lalicata; Centro per l\u2019Evangelizzazione e Catechesi (Famiglie \u2013 Giovani e Catechesi), don Gero Manganello; Centro per la Missione, don Aldo Sciabbarrasi; Radio Diocesana Concordia, don Giuseppe Livatino; aiuto economo, don Mario Sorce; Assistente Scouts, don Marco Farruggia.<\/p>\n<p>Il card. Montenegro ha ringraziato &#8220;i presbiteri che, per raggiunti limiti di et\u00e0 o per salute, hanno rassegnato le loro dimissioni dalla parrocchia&#8221; e i sacerdoti \u201cFidei Donum\u201d, don Pascal e don Evodius, che per diversi anni hanno servito la Chiesa agrigentina e che sono stati richiamati dal loro Vescovo nella loro terra.<\/p>\n<p>Il card. Montenegro incontrer\u00e0 i nuovi vicari episcopali di settore<strong>,<\/strong> i parroci,\u00a0 gli amministratori e i vicari parrocchiali marted\u00ec\u2019 27 agosto, alle ore 10, in Episcopio\u00a0&#8220;per un saluto fraterno, per ricordare gli adempimenti e i doveri inerenti al ministero da svolgere, per concordare le date dell\u2019inizio del loro nuovo ministero&#8221;.<\/p>\n","protected":false},"excerpt":{"rendered":"<p>Il card. Francesco Montenegro, arcivescovo di Agrigento, ha reso noti gli avvicendamenti parrocchiali e ai servizi diocesani. La novit\u00e0 maggiore, introdotta &#8220;dopo avere sentito il presbiterio&#8221;, riguarda la cura dei servizi diocesani: sono state, infatti, sostituite le figure centrali del Vicario per la Pastorale e del Vicario per la Ministerialit\u00e0 con tre Vicari episcopali di settore che cureranno questi delicati servizi. &#8220;Con questo provvedimento &#8211; dice il cardinale &#8211; intendo far sentire il Centro Diocesi pi\u00f9 vicino a tutto il territorio della nostra Chiesa agrigentina&#8221;.<\/p>\n","protected":false},"author":4,"featured_media":10117,"comment_status":"closed","ping_status":"closed","sticky":false,"template":"","format":"standard","meta":[],"categories":[30],"tags":[119,559],"news-destination":[],"news-source":[],"is_homepage":[],"ta_other":[],"_links":{"self":[{"href":"https:\/\/www.chiesedisicilia.org\/chiesedisicilia\/news\/wp-json\/wp\/v2\/posts\/10116"}],"collection":[{"href":"https:\/\/www.chiesedisicilia.org\/chiesedisicilia\/news\/wp-json\/wp\/v2\/posts"}],"about":[{"href":"https:\/\/www.chiesedisicilia.org\/chiesedisicilia\/news\/wp-json\/wp\/v2\/types\/post"}],"author":[{"embeddable":true,"href":"https:\/\/www.chiesedisicilia.org\/chiesedisicilia\/news\/wp-json\/wp\/v2\/users\/4"}],"replies":[{"embeddable":true,"href":"https:\/\/www.chiesedisicilia.org\/chiesedisicilia\/news\/wp-json\/wp\/v2\/comments?post=10116"}],"version-history":[{"count":1,"href":"https:\/\/www.chiesedisicilia.org\/chiesedisicilia\/news\/wp-json\/wp\/v2\/posts\/10116\/revisions"}],"predecessor-version":[{"id":10118,"href":"https:\/\/www.chiesedisicilia.org\/chiesedisicilia\/news\/wp-json\/wp\/v2\/posts\/10116\/revisions\/10118"}],"wp:featuredmedia":[{"embeddable":true,"href":"https:\/\/www.chiesedisicilia.org\/chiesedisicilia\/news\/wp-json\/wp\/v2\/media\/10117"}],"wp:attachment":[{"href":"https:\/\/www.chiesedisicilia.org\/chiesedisicilia\/news\/wp-json\/wp\/v2\/media?parent=10116"}],"wp:term":[{"taxonomy":"category","embeddable":true,"href":"https:\/\/www.chiesedisicilia.org\/chiesedisicilia\/news\/wp-json\/wp\/v2\/categories?post=10116"},{"taxonomy":"post_tag","embeddable":true,"href":"https:\/\/www.chiesedisicilia.org\/chiesedisicilia\/news\/wp-json\/wp\/v2\/tags?post=10116"},{"taxonomy":"news-destination","embeddable":true,"href":"https:\/\/www.chiesedisicilia.org\/chiesedisicilia\/news\/wp-json\/wp\/v2\/news-destination?post=10116"},{"taxonomy":"news-source","embeddable":true,"href":"https:\/\/www.chiesedisicilia.org\/chiesedisicilia\/news\/wp-json\/wp\/v2\/news-source?post=10116"},{"taxonomy":"is_homepage","embeddable":true,"href":"https:\/\/www.chiesedisicilia.org\/chiesedisicilia\/news\/wp-json\/wp\/v2\/is_homepage?post=10116"},{"taxonomy":"ta_other","embeddable":true,"href":"https:\/\/www.chiesedisicilia.org\/chiesedisicilia\/news\/wp-json\/wp\/v2\/ta_other?post=10116"}],"curies":[{"name":"wp","href":"https:\/\/api.w.org\/{rel}","templated":true}]}}