{"id":10034,"date":"2019-07-27T17:55:25","date_gmt":"2019-07-27T15:55:25","guid":{"rendered":"http:\/\/www.chiesedisicilia.org\/chiesedisicilia\/?p=10034"},"modified":"2019-07-27T17:57:04","modified_gmt":"2018-09-30T17:57:04","slug":"10034","status":"publish","type":"post","link":"https:\/\/www.chiesedisicilia.org\/2019\/07\/27\/10034\/","title":{"rendered":"PERCORSO PER ANIMATORI VOCAZIONALI: \u201cVUOI RISPLENDERE COME MARIA CHIARA?\u201d"},"content":{"rendered":"<p>E\u2019 il cammino di fede di Maria Chiara Mangiacavallo ad accompagnare\u00a0gli educatori, le equipe vocazionali e di Pastorale giovanile, i catechisti, insieme con i presbiteri e i diaconi, i consacrati e le consacrate, i seminaristi e i novizi, le coppie di sposi e i giovani che stanno prendendo parte al sesto <a href=\"http:\/\/www.chiesedisicilia.org\/chiesedisicilia\/2019\/05\/28\/come-se-vedessero-linvisibile-maria-chiara-mangiacavallo-testimonial-del-6-percorso-per-animatori-vocazionali\/\">Percorso per animatori vocazionali<\/a>. I familiari e il suo direttore spirituale, padre Vito D\u2019Amato ofm, \u201ccoloro che hanno condiviso la fede di Maria Chiara, fratelli non solo nel sangue, ma nello spirito\u201d, hanno raccontato la vita e la luminosa morte della ragazza di Sciacca (1985 &#8211; 2015).<\/p>\n<p><img alt=\"PERCORSO PER ANIMATORI VOCAZIONALI: \u201cVUOI RISPLENDERE COME MARIA CHIARA?\u201d\" title=\"PERCORSO PER ANIMATORI VOCAZIONALI: \u201cVUOI RISPLENDERE COME MARIA CHIARA?\u201d\" loading=\"lazy\" class=\"size-medium wp-image-10032 alignleft\" src=\"https:\/\/www.chiesedisicilia.org\/chiesedisicilia\/news\/wp-content\/uploads\/sites\/2\/2019\/07\/20190727_104442.jpg\" alt=\"\" width=\"300\" height=\"225\" srcset=\"https:\/\/euwps05.newsmemory.com\/chiesedisicilia\/news\/wp-content\/uploads\/sites\/2\/2019\/07\/20190727_104442.jpg 4032w, https:\/\/euwps05.newsmemory.com\/chiesedisicilia\/news\/wp-content\/uploads\/sites\/2\/2019\/07\/20190727_104442-300x225.jpg 300w, https:\/\/euwps05.newsmemory.com\/chiesedisicilia\/news\/wp-content\/uploads\/sites\/2\/2019\/07\/20190727_104442-768x576.jpg 768w, https:\/\/euwps05.newsmemory.com\/chiesedisicilia\/news\/wp-content\/uploads\/sites\/2\/2019\/07\/20190727_104442-1024x768.jpg 1024w, https:\/\/euwps05.newsmemory.com\/chiesedisicilia\/news\/wp-content\/uploads\/sites\/2\/2019\/07\/20190727_104442-750x563.jpg 750w\" sizes=\"(max-width: 300px) 100vw, 300px\" \/>\u201cCome se vedessero l\u2019invisibile\u201d \u00e8 il titolo scelto per il sesto Percorso per animatori vocazionali in corso a Mascalucia (CT), presso la Casa di esercizi spirituali dei padri passionisti, al Santuario dell\u2019Addolorata. \u00c8 tratto dalla Evangelii Gaudium. \u201c<i>S\u00ec, l\u2019invisibile \u00e8 possibile vederlo nella reciproca fiducia e carit\u00e0 &#8211; <\/i>ha detto don Dino Lanza, direttore del Centro regionale per le Vocazioni che ha organizzato l\u2019appuntamento &#8211;<i>, quella che spera al di l\u00e0 dei limiti e rischi, quella che persevera al di l\u00e0 delle cadute e delle gratificazioni, quella che insiste con franchezza a riguardo della verit\u00e0 insita nella persona amata e salvata da Cristo Ges\u00f9, crocifisso e risorto per darci la vita piena e bella<\/i>\u201d.<\/p>\n<p><img alt=\"PERCORSO PER ANIMATORI VOCAZIONALI: \u201cVUOI RISPLENDERE COME MARIA CHIARA?\u201d\" title=\"PERCORSO PER ANIMATORI VOCAZIONALI: \u201cVUOI RISPLENDERE COME MARIA CHIARA?\u201d\" loading=\"lazy\" class=\"size-medium wp-image-10029 alignright\" src=\"https:\/\/www.chiesedisicilia.org\/chiesedisicilia\/news\/wp-content\/uploads\/sites\/2\/2019\/07\/20190727_101438.jpg\" alt=\"\" width=\"300\" height=\"225\" srcset=\"https:\/\/euwps05.newsmemory.com\/chiesedisicilia\/news\/wp-content\/uploads\/sites\/2\/2019\/07\/20190727_101438.jpg 4032w, https:\/\/euwps05.newsmemory.com\/chiesedisicilia\/news\/wp-content\/uploads\/sites\/2\/2019\/07\/20190727_101438-300x225.jpg 300w, https:\/\/euwps05.newsmemory.com\/chiesedisicilia\/news\/wp-content\/uploads\/sites\/2\/2019\/07\/20190727_101438-768x576.jpg 768w, https:\/\/euwps05.newsmemory.com\/chiesedisicilia\/news\/wp-content\/uploads\/sites\/2\/2019\/07\/20190727_101438-1024x768.jpg 1024w, https:\/\/euwps05.newsmemory.com\/chiesedisicilia\/news\/wp-content\/uploads\/sites\/2\/2019\/07\/20190727_101438-750x563.jpg 750w\" sizes=\"(max-width: 300px) 100vw, 300px\" \/>Due le parole consegnate all\u2019assemblea.\u00a0La prima &#8211; \u201c<b>Insieme<\/b>\u201d &#8211; riguarda la modalit\u00e0 e, nello stesso tempo, l\u2019obiettivo. \u201c<i>La nostra testimonianza cristiana \u00e8 solo insieme; insieme corresponsabili in questa missione affidata a noi da Ges\u00f9 stesso<\/i> &#8211; spiega don Dino &#8211;<i>; insieme, al passo l\u2019una dell\u2019altra e viceversa, perch\u00e9 tutto proceda per la gloria di Dio e il beneficio della nostra Chiesa siciliana<\/i>\u201d. La seconda parola, strettamente collegata alla testimonianza su Maria Chiara Mangiacavallo, \u00e8 \u201c<b>Risplendere<\/b>\u201d. \u201c<i>\u2018Vuoi risplendere?\u2019 \u00e8 stata la domanda che si \u00e8 sentita rivolgere la giovane agrigentina ne corso del suo pellegrinaggio in Terra Santa; domanda <\/i>&#8211; continua don Lanza &#8211;<i> che l\u2019ha molto inquietata e che sar\u00e0 rivolta in questi giorni a ciascuno di noi e a tutti insieme. Risplendere della luce di Cristo, della sua bellezza che si cura dei particolari, che non trascura l\u2019apparenza perch\u00e9 riflesso dell\u2019intima unione con l\u2019Amore che \u00e8 Dio, Bellezza senza pari\u201d<\/i><\/p>\n<p>&nbsp;<\/p>\n","protected":false},"excerpt":{"rendered":"","protected":false},"author":4,"featured_media":10035,"comment_status":"closed","ping_status":"closed","sticky":false,"template":"","format":"standard","meta":[],"categories":[7],"tags":[213,495],"news-destination":[],"news-source":[],"is_homepage":[],"ta_other":[],"_links":{"self":[{"href":"https:\/\/www.chiesedisicilia.org\/chiesedisicilia\/news\/wp-json\/wp\/v2\/posts\/10034"}],"collection":[{"href":"https:\/\/www.chiesedisicilia.org\/chiesedisicilia\/news\/wp-json\/wp\/v2\/posts"}],"about":[{"href":"https:\/\/www.chiesedisicilia.org\/chiesedisicilia\/news\/wp-json\/wp\/v2\/types\/post"}],"author":[{"embeddable":true,"href":"https:\/\/www.chiesedisicilia.org\/chiesedisicilia\/news\/wp-json\/wp\/v2\/users\/4"}],"replies":[{"embeddable":true,"href":"https:\/\/www.chiesedisicilia.org\/chiesedisicilia\/news\/wp-json\/wp\/v2\/comments?post=10034"}],"version-history":[{"count":2,"href":"https:\/\/www.chiesedisicilia.org\/chiesedisicilia\/news\/wp-json\/wp\/v2\/posts\/10034\/revisions"}],"predecessor-version":[{"id":10058,"href":"https:\/\/www.chiesedisicilia.org\/chiesedisicilia\/news\/wp-json\/wp\/v2\/posts\/10034\/revisions\/10058"}],"wp:featuredmedia":[{"embeddable":true,"href":"https:\/\/www.chiesedisicilia.org\/chiesedisicilia\/news\/wp-json\/wp\/v2\/media\/10035"}],"wp:attachment":[{"href":"https:\/\/www.chiesedisicilia.org\/chiesedisicilia\/news\/wp-json\/wp\/v2\/media?parent=10034"}],"wp:term":[{"taxonomy":"category","embeddable":true,"href":"https:\/\/www.chiesedisicilia.org\/chiesedisicilia\/news\/wp-json\/wp\/v2\/categories?post=10034"},{"taxonomy":"post_tag","embeddable":true,"href":"https:\/\/www.chiesedisicilia.org\/chiesedisicilia\/news\/wp-json\/wp\/v2\/tags?post=10034"},{"taxonomy":"news-destination","embeddable":true,"href":"https:\/\/www.chiesedisicilia.org\/chiesedisicilia\/news\/wp-json\/wp\/v2\/news-destination?post=10034"},{"taxonomy":"news-source","embeddable":true,"href":"https:\/\/www.chiesedisicilia.org\/chiesedisicilia\/news\/wp-json\/wp\/v2\/news-source?post=10034"},{"taxonomy":"is_homepage","embeddable":true,"href":"https:\/\/www.chiesedisicilia.org\/chiesedisicilia\/news\/wp-json\/wp\/v2\/is_homepage?post=10034"},{"taxonomy":"ta_other","embeddable":true,"href":"https:\/\/www.chiesedisicilia.org\/chiesedisicilia\/news\/wp-json\/wp\/v2\/ta_other?post=10034"}],"curies":[{"name":"wp","href":"https:\/\/api.w.org\/{rel}","templated":true}]}}